{"id":12011,"date":"2018-04-16T00:00:03","date_gmt":"2018-04-15T22:00:03","guid":{"rendered":"https:\/\/comunicatur.info\/?p=12011"},"modified":"2018-04-13T10:33:34","modified_gmt":"2018-04-13T08:33:34","slug":"la-inteligencia-artificial-irrumpe-en-el-turismo","status":"publish","type":"post","link":"https:\/\/www.comunicatur.info\/es\/la-inteligencia-artificial-irrumpe-en-el-turismo\/","title":{"rendered":"La inteligencia artificial irrumpe en el turismo"},"content":{"rendered":"<p>Eurecat ha presentado en la sexta edici\u00f3n del Forum TurisTIC como la tecnolog\u00eda permitir\u00e1, antes de 5 a\u00f1os, analizar las preferencias en el sector tur\u00edstico gracias a la inteligencia artificial.<!--more--><\/p>\n<p><img class=\"alignright size-medium wp-image-12009\" src=\"https:\/\/www.comunicatur.info\/wp-content\/uploads\/2018\/04\/RaulG\u00f3mez_TurisTIC-300x200.jpg\" alt=\"\" width=\"300\" height=\"200\" srcset=\"https:\/\/www.comunicatur.info\/wp-content\/uploads\/2018\/04\/RaulG\u00f3mez_TurisTIC-300x200.jpg 300w, https:\/\/www.comunicatur.info\/wp-content\/uploads\/2018\/04\/RaulG\u00f3mez_TurisTIC-768x512.jpg 768w, https:\/\/www.comunicatur.info\/wp-content\/uploads\/2018\/04\/RaulG\u00f3mez_TurisTIC-1024x683.jpg 1024w, https:\/\/www.comunicatur.info\/wp-content\/uploads\/2018\/04\/RaulG\u00f3mez_TurisTIC-600x400.jpg 600w\" sizes=\"(max-width: 300px) 100vw, 300px\" \/>Ya existen tecnolog\u00edas de Aprendizaje autom\u00e1tico que se utilizar\u00e1n de manera generalizada. As\u00ed lo ha explicado el investigador de la unidad de Tecnolog\u00edas Multimedia del centro tecnol\u00f3gico Eurecat Ra\u00fal G\u00f3mez, que ha presentado un algoritmo que ha aplicado a Instagram y que \u00abaprende y muestra relaciones entre las palabras o hastags y las im\u00e1genes que cuelgan los turistas y permite conocer qu\u00e9 es lo que los visitantes realmente destacan de una ciudad\u00bb. Los algoritmos que permiten relacionar im\u00e1genes con conceptos sem\u00e1nticos a partir de la informaci\u00f3n de las redes sociales posibilitar\u00e1n anticipar tendencias en el sector tur\u00edstico antes de que aparezcan. Una aut\u00e9ntica revoluci\u00f3n.<\/p>\n<p>En un futuro pr\u00f3ximo \u00abpodremos prever si un local o un barrio se pondr\u00e1n de moda antes de que pase analizando bases de datos espec\u00edficas\u00bb, una informaci\u00f3n \u00abmuy valiosa para el sector y para los gestores p\u00fablicos\u00bb, ha a\u00f1adido Jaume Gibert, investigador la Unidad de Tecnolog\u00edas Multimedia de Eurecat durante el Forum.<\/p>\n<p><img class=\"alignright size-medium wp-image-12006\" src=\"https:\/\/www.comunicatur.info\/wp-content\/uploads\/2018\/04\/ForumTurisTIC-300x225.jpg\" alt=\"\" width=\"300\" height=\"225\" srcset=\"https:\/\/www.comunicatur.info\/wp-content\/uploads\/2018\/04\/ForumTurisTIC-300x225.jpg 300w, https:\/\/www.comunicatur.info\/wp-content\/uploads\/2018\/04\/ForumTurisTIC-768x576.jpg 768w, https:\/\/www.comunicatur.info\/wp-content\/uploads\/2018\/04\/ForumTurisTIC-1024x768.jpg 1024w, https:\/\/www.comunicatur.info\/wp-content\/uploads\/2018\/04\/ForumTurisTIC-600x450.jpg 600w\" sizes=\"(max-width: 300px) 100vw, 300px\" \/>\u00abEn muy pocos a\u00f1os, la digitalizaci\u00f3n ha abierto las puertas a nuevos modelos de negocio que eran impensables hasta hace poco\u00bb, ha recalcado el presidente de Eurecat, Xavier Torra, que ha puesto de relieve \u00abel impacto de Internet y del m\u00f3vil en c\u00f3mo se planifican y se viven los viajes, as\u00ed como en los perfiles profesionales m\u00e1s demandados y en las f\u00f3rmulas de promoci\u00f3n de los destinos\u00bb.<\/p>\n<p>Comunicatur ha colaborado como Media Partner en la sexta edici\u00f3n del Forum TurisTIC, organizado por Eurecat. El foro ha reunido a m\u00e1s de mil profesionales de diferentes \u00e1mbitos del sector tur\u00edstico en el Auditorio del Caixaforum de Barcelona y ha contado con el patrocinio de la Generalitat de Catalunya, el Ayuntamiento de Barcelona, la Diputaci\u00f3n de Barcelona, Elogia y Telef\u00f3nica y con la colaboraci\u00f3n de la Obra Social la Caixa.<\/p>\n<p><strong>Las 10 tecnolog\u00edas que marcar\u00e1n el turismo<\/strong><\/p>\n<p><img class=\"alignright size-medium wp-image-12003\" src=\"https:\/\/www.comunicatur.info\/wp-content\/uploads\/2018\/04\/XavierCubeles-Forumturistic-300x200.jpg\" alt=\"\" width=\"300\" height=\"200\" srcset=\"https:\/\/www.comunicatur.info\/wp-content\/uploads\/2018\/04\/XavierCubeles-Forumturistic-300x200.jpg 300w, https:\/\/www.comunicatur.info\/wp-content\/uploads\/2018\/04\/XavierCubeles-Forumturistic-768x512.jpg 768w, https:\/\/www.comunicatur.info\/wp-content\/uploads\/2018\/04\/XavierCubeles-Forumturistic-1024x683.jpg 1024w, https:\/\/www.comunicatur.info\/wp-content\/uploads\/2018\/04\/XavierCubeles-Forumturistic-600x400.jpg 600w\" sizes=\"(max-width: 300px) 100vw, 300px\" \/>Xavier Cubeles, especialista en cultura y turismo de Eurecat, ha definido las diez tendencias tecnol\u00f3gicas que est\u00e1n marcando la transformaci\u00f3n del sector. La rob\u00f3tica, el Big Data, la Inteligencia Artificial, la realidad virtual y la impresi\u00f3n 3D se encuentran entre las diez tecnolog\u00edas que marcar\u00e1n la innovaci\u00f3n tecnol\u00f3gica en el sector tur\u00edstico, junto con la Internet de las Cosas (IOT), el Blockchain o cadena de bloques, la gamificaci\u00f3n y la ciberseguridad, seg\u00fan qued\u00f3 patente en el Forum TurisTIC.<\/p>\n<p>La Inteligencia Artificial ya est\u00e1 presente en las plataformas de las principales OTAs (agencias de viajes online) y su combinaci\u00f3n con la anal\u00edtica avanzada de datos permitir\u00e1 la creaci\u00f3n y la recomendaci\u00f3n autom\u00e1tica de paquetes din\u00e1micos personalizados.<\/p>\n","protected":false},"excerpt":{"rendered":"<p>Eurecat ha presentado en la sexta edici\u00f3n del Forum TurisTIC como la tecnolog\u00eda permitir\u00e1, antes de 5 a\u00f1os, analizar las preferencias en el sector tur\u00edstico gracias a la inteligencia artificial. Ya existen tecnolog\u00edas de Aprendizaje autom\u00e1tico que se utilizar\u00e1n de manera generalizada. As\u00ed lo ha explicado el investigador de la unidad de Tecnolog\u00edas Multimedia del &hellip;<\/p>\n","protected":false},"author":408,"featured_media":0,"comment_status":"closed","ping_status":"open","sticky":false,"template":"","format":"standard","meta":[],"categories":[63],"tags":[],"_links":{"self":[{"href":"https:\/\/www.comunicatur.info\/es\/wp-json\/wp\/v2\/posts\/12011"}],"collection":[{"href":"https:\/\/www.comunicatur.info\/es\/wp-json\/wp\/v2\/posts"}],"about":[{"href":"https:\/\/www.comunicatur.info\/es\/wp-json\/wp\/v2\/types\/post"}],"author":[{"embeddable":true,"href":"https:\/\/www.comunicatur.info\/es\/wp-json\/wp\/v2\/users\/408"}],"replies":[{"embeddable":true,"href":"https:\/\/www.comunicatur.info\/es\/wp-json\/wp\/v2\/comments?post=12011"}],"version-history":[{"count":1,"href":"https:\/\/www.comunicatur.info\/es\/wp-json\/wp\/v2\/posts\/12011\/revisions"}],"predecessor-version":[{"id":12012,"href":"https:\/\/www.comunicatur.info\/es\/wp-json\/wp\/v2\/posts\/12011\/revisions\/12012"}],"wp:attachment":[{"href":"https:\/\/www.comunicatur.info\/es\/wp-json\/wp\/v2\/media?parent=12011"}],"wp:term":[{"taxonomy":"category","embeddable":true,"href":"https:\/\/www.comunicatur.info\/es\/wp-json\/wp\/v2\/categories?post=12011"},{"taxonomy":"post_tag","embeddable":true,"href":"https:\/\/www.comunicatur.info\/es\/wp-json\/wp\/v2\/tags?post=12011"}],"curies":[{"name":"wp","href":"https:\/\/api.w.org\/{rel}","templated":true}]}}