{"id":11993,"date":"2018-04-13T00:00:53","date_gmt":"2018-04-12T22:00:53","guid":{"rendered":"https:\/\/comunicatur.info\/?p=11993"},"modified":"2018-04-12T14:46:22","modified_gmt":"2018-04-12T12:46:22","slug":"la-encuesta-flash-de-la-diputacion-de-barcelona","status":"publish","type":"post","link":"https:\/\/www.comunicatur.info\/es\/la-encuesta-flash-de-la-diputacion-de-barcelona\/","title":{"rendered":"La Encuesta Flash de la Diputaci\u00f3n de Barcelona, la Semana Santa"},"content":{"rendered":"<p>El Laboratorio de Turismo de la Diputaci\u00f3n de Barcelona ha dado a conocer los resultados de la Encuesta Flash de ocupaci\u00f3n tur\u00edstica de la Semana Santa en el entorno de Barcelona. Recordamos que los datos no incluyen la ciudad de Barcelona ni la comarca del Barcelon\u00e9s.<!--more--><\/p>\n<p>La encuesta analiza los resultados de las noches del viernes 23 de marzo al domingo 1 de abril, diferenciando los d\u00edas festivos de los laborables. El resultado m\u00e1s espectacular ha sido para el turismo rural, que ha registrado una ocupaci\u00f3n del 92,5% los d\u00edas festivos.<\/p>\n<p><strong>A nivel global, la ocupaci\u00f3n ha sido inferior a la del 2017 en las cuatro tipolog\u00edas de alojamiento<\/strong>, pero hay diferencias notables seg\u00fan las comarcas y adem\u00e1s hay que tener en cuenta los factores que siempre inciden en la Semana Santa, como es el caso de las fechas o la meteorolog\u00eda. As\u00ed, este a\u00f1o la Semana Santa ha ca\u00eddo bastante m\u00e1s pronto que en el a\u00f1o 2017 y el tiempo ha sido peor que el a\u00f1o pasado. Finalmente, este a\u00f1o la temporada de esqu\u00ed a\u00fan estaba viva, lo que ha provocado buenos resultados en las comarcas de monta\u00f1a.<\/p>\n<p><strong>OCUPACI\u00d3N EN ESTABLECIMIENTOS HOTELEROS<\/strong><br \/>\n&#8211; Ocupaci\u00f3n media del 72,2%. Representa 6,9 puntos porcentuales (pp) menos que en 2017.<br \/>\n&#8211; Ocupaci\u00f3n media d\u00edas festivos: 75,3% (-9,2 pp respecto al 2017).<br \/>\n&#8211; Ocupaci\u00f3n media d\u00edas laborables: 69,6% (-4,9 pp respecto al 2017).<br \/>\n&#8211; Per comarcas, lo m\u00e1s destacable es que s\u00f3lo el Anoia y Osona crecen los d\u00edas festivos y los laborables.<\/p>\n<p><strong>OCUPACI\u00d3N EN ESTABLECIMIENTOS DE TURISMO RURAL<br \/>\n<\/strong>&#8211; Ocupaci\u00f3n media del 53,8%. Representa 6,9 puntos porcentuales (pp) menos que en 2017.<br \/>\n&#8211; En esta tipolog\u00eda, la distancia entre festivos y laborables es muy considerable, de cerca de 70 puntos. As\u00ed, la media de ocupaci\u00f3n en d\u00edas festivos llega al 92,5% (-3,1 pp respecto al 2017), mientras que la media de los d\u00edas no festivos es del 22,9% (-2,2 pp respecto al 2017).<br \/>\n&#8211; Por comarcas, s\u00f3lo el Bages y el Vall\u00e8s Oriental han ganada ocupaci\u00f3n respecto al a\u00f1o anterior.<\/p>\n<p><strong>OCUPACI\u00d3N EN CAMPINGS<br \/>\n<\/strong>&#8211; Ocupaci\u00f3n media del 64,1%. Representa 6,9 puntos porcentuales (pp) menos que en 2017.<br \/>\n&#8211; Ocupaci\u00f3n media d\u00edas festivos: 77,9% (-1,3 pp).<br \/>\n&#8211; Ocupaci\u00f3n media d\u00edas laborables: 53% (-0,7 pp).<br \/>\n&#8211; Por comarcas: los datos de esta tipolog\u00eda se agrupan por marca tur\u00edstica, pero en general, las de monta\u00f1a (Bergued\u00e0) crecen (+7,3 pp), las centrales (Paisajes Barcelona) tienen ca\u00eddas importantes (-17,6 pp) y la costa presenta peque\u00f1os decrecimientos (-1,5 pp).<\/p>\n<p><strong>OCUPACI\u00d3N EN APARTAMENTOS TUR\u00cdSTICOS<br \/>\n<\/strong>&#8211; Ocupaci\u00f3n media del 71,8%. Representa 6,9 puntos porcentuales (pp) menos que en 2017.<br \/>\n&#8211; Ocupaci\u00f3n media d\u00edas festivos: 88,8% (-2,3 pp).<br \/>\n&#8211; Ocupaci\u00f3n media d\u00edas laborables: 63,9% (-1,4 pp).<\/p>\n<p><a href=\"http:\/\/www.diba.cat\/documents\/74348\/0\/Informe+flaix+ocupaci\u00f3+Setmana+Santa+2018\/2861d2ce-a0e7-46f7-9d4e-69a6e9dbe7c5\" target=\"_blank\" rel=\"noopener\"><em>Quiero ver todos los resultados de la Encuesta Flash de Semana Santa<\/em><\/a><\/p>\n","protected":false},"excerpt":{"rendered":"<p>El Laboratorio de Turismo de la Diputaci\u00f3n de Barcelona ha dado a conocer los resultados de la Encuesta Flash de ocupaci\u00f3n tur\u00edstica de la Semana Santa en el entorno de Barcelona. Recordamos que los datos no incluyen la ciudad de Barcelona ni la comarca del Barcelon\u00e9s. La encuesta analiza los resultados de las noches del &hellip;<\/p>\n","protected":false},"author":408,"featured_media":0,"comment_status":"closed","ping_status":"open","sticky":false,"template":"","format":"standard","meta":[],"categories":[74],"tags":[],"_links":{"self":[{"href":"https:\/\/www.comunicatur.info\/es\/wp-json\/wp\/v2\/posts\/11993"}],"collection":[{"href":"https:\/\/www.comunicatur.info\/es\/wp-json\/wp\/v2\/posts"}],"about":[{"href":"https:\/\/www.comunicatur.info\/es\/wp-json\/wp\/v2\/types\/post"}],"author":[{"embeddable":true,"href":"https:\/\/www.comunicatur.info\/es\/wp-json\/wp\/v2\/users\/408"}],"replies":[{"embeddable":true,"href":"https:\/\/www.comunicatur.info\/es\/wp-json\/wp\/v2\/comments?post=11993"}],"version-history":[{"count":2,"href":"https:\/\/www.comunicatur.info\/es\/wp-json\/wp\/v2\/posts\/11993\/revisions"}],"predecessor-version":[{"id":11995,"href":"https:\/\/www.comunicatur.info\/es\/wp-json\/wp\/v2\/posts\/11993\/revisions\/11995"}],"wp:attachment":[{"href":"https:\/\/www.comunicatur.info\/es\/wp-json\/wp\/v2\/media?parent=11993"}],"wp:term":[{"taxonomy":"category","embeddable":true,"href":"https:\/\/www.comunicatur.info\/es\/wp-json\/wp\/v2\/categories?post=11993"},{"taxonomy":"post_tag","embeddable":true,"href":"https:\/\/www.comunicatur.info\/es\/wp-json\/wp\/v2\/tags?post=11993"}],"curies":[{"name":"wp","href":"https:\/\/api.w.org\/{rel}","templated":true}]}}