{"id":11945,"date":"2018-04-04T00:00:26","date_gmt":"2018-04-03T22:00:26","guid":{"rendered":"https:\/\/comunicatur.info\/?p=11945"},"modified":"2018-04-03T23:16:03","modified_gmt":"2018-04-03T21:16:03","slug":"buena-semana-santa-en-el-interior-regular-en-la-costa","status":"publish","type":"post","link":"https:\/\/www.comunicatur.info\/es\/buena-semana-santa-en-el-interior-regular-en-la-costa\/","title":{"rendered":"Buena Semana Santa en el interior, regular en la costa"},"content":{"rendered":"<p>El balance de esta Semana Santa ha sido bastante positivo. Los Pirineos han bordeado la plena ocupaci\u00f3n mientras que el litoral ha tenido porcentajes de entre el 70% y el 85%. La ciudad de Barcelona ha sido la peor parada con una ocupaci\u00f3n muy por debajo a la del a\u00f1o pasado.<\/p>\n<p><strong>Las previsiones de ocupaci\u00f3n se han cumplido<\/strong><br \/>\n<img class=\"alignright size-medium wp-image-11929\" src=\"https:\/\/www.comunicatur.info\/wp-content\/uploads\/2018\/03\/neu_baqueira-300x182.jpg\" alt=\"\" width=\"300\" height=\"182\" srcset=\"https:\/\/www.comunicatur.info\/wp-content\/uploads\/2018\/03\/neu_baqueira-300x182.jpg 300w, https:\/\/www.comunicatur.info\/wp-content\/uploads\/2018\/03\/neu_baqueira.jpg 367w\" sizes=\"(max-width: 300px) 100vw, 300px\" \/><a href=\"https:\/\/www.comunicatur.info\/es\/una-semana-santa-orientada-la-montana-y-pendiente-de-la-meteorologia\/\" target=\"_blank\" rel=\"noopener noreferrer\">El sector tur\u00edstico esperaba con optimismo estos d\u00edas de fiesta con ocupaciones superiores al 80% para el conjunto de Catalu\u00f1a<\/a>, con una mejor expectativa para las zonas de interior y monta\u00f1a que en las de costa.<\/p>\n<p>La meteorolog\u00eda, siempre determinante para Semana Santa, no ha modificado la conducta esperada de los clientes. La oferta de nieve ha podido alargar su temporada con unos d\u00edas al m\u00e1ximo rendimiento. El alojamiento rural, con ocupaciones que en algunas zonas superaron el 90%, tambi\u00e9n ha podido firmar unos buenos resultados.<\/p>\n<p><img class=\"alignright size-medium wp-image-11943\" src=\"https:\/\/www.comunicatur.info\/wp-content\/uploads\/2018\/04\/costa-platja-litoral-300x225.jpg\" alt=\"\" width=\"300\" height=\"225\" srcset=\"https:\/\/www.comunicatur.info\/wp-content\/uploads\/2018\/04\/costa-platja-litoral-300x225.jpg 300w, https:\/\/www.comunicatur.info\/wp-content\/uploads\/2018\/04\/costa-platja-litoral-768x576.jpg 768w, https:\/\/www.comunicatur.info\/wp-content\/uploads\/2018\/04\/costa-platja-litoral-1024x768.jpg 1024w, https:\/\/www.comunicatur.info\/wp-content\/uploads\/2018\/04\/costa-platja-litoral-600x450.jpg 600w, https:\/\/www.comunicatur.info\/wp-content\/uploads\/2018\/04\/costa-platja-litoral.jpg 1632w\" sizes=\"(max-width: 300px) 100vw, 300px\" \/>En el caso de los destinos de litoral las ocupaciones no han sido tan elevadas y se ha echado de menos el cliente extranjero. Han tenido mucho turismo nacional y m\u00e1s concentrados en los cuatro d\u00edas festivos. La Semana Santa ha ca\u00eddo demasiado pronto en el calendario y no ha favorecido los destinos de costa. Este a\u00f1o muchos m\u00e1s establecimientos han decidido no abrir por estas fechas y esperan a que llegue el mes de mayo.<\/p>\n<p>La ciudad de Barcelona, \u200b\u200bpor su parte, registr\u00f3 un resultado peor del esperado. Los hoteleros ya preve\u00edan unas ocupaciones del 80%, muy inferior a la del a\u00f1o pasado (entre un 4% y 5% menos). Pero la realidad todav\u00eda ha hecho bajar 5 puntos m\u00e1s este descenso dej\u00e1ndola en poco m\u00e1s del 70%.<\/p>\n","protected":false},"excerpt":{"rendered":"<p>El balance de esta Semana Santa ha sido bastante positivo. Los Pirineos han bordeado la plena ocupaci\u00f3n mientras que el litoral ha tenido porcentajes de entre el 70% y el 85%. La ciudad de Barcelona ha sido la peor parada con una ocupaci\u00f3n muy por debajo a la del a\u00f1o pasado. Las previsiones de ocupaci\u00f3n &hellip;<\/p>\n","protected":false},"author":408,"featured_media":0,"comment_status":"closed","ping_status":"open","sticky":false,"template":"","format":"standard","meta":[],"categories":[62],"tags":[],"_links":{"self":[{"href":"https:\/\/www.comunicatur.info\/es\/wp-json\/wp\/v2\/posts\/11945"}],"collection":[{"href":"https:\/\/www.comunicatur.info\/es\/wp-json\/wp\/v2\/posts"}],"about":[{"href":"https:\/\/www.comunicatur.info\/es\/wp-json\/wp\/v2\/types\/post"}],"author":[{"embeddable":true,"href":"https:\/\/www.comunicatur.info\/es\/wp-json\/wp\/v2\/users\/408"}],"replies":[{"embeddable":true,"href":"https:\/\/www.comunicatur.info\/es\/wp-json\/wp\/v2\/comments?post=11945"}],"version-history":[{"count":2,"href":"https:\/\/www.comunicatur.info\/es\/wp-json\/wp\/v2\/posts\/11945\/revisions"}],"predecessor-version":[{"id":11949,"href":"https:\/\/www.comunicatur.info\/es\/wp-json\/wp\/v2\/posts\/11945\/revisions\/11949"}],"wp:attachment":[{"href":"https:\/\/www.comunicatur.info\/es\/wp-json\/wp\/v2\/media?parent=11945"}],"wp:term":[{"taxonomy":"category","embeddable":true,"href":"https:\/\/www.comunicatur.info\/es\/wp-json\/wp\/v2\/categories?post=11945"},{"taxonomy":"post_tag","embeddable":true,"href":"https:\/\/www.comunicatur.info\/es\/wp-json\/wp\/v2\/tags?post=11945"}],"curies":[{"name":"wp","href":"https:\/\/api.w.org\/{rel}","templated":true}]}}