{"id":11927,"date":"2018-03-29T00:00:05","date_gmt":"2018-03-28T22:00:05","guid":{"rendered":"https:\/\/comunicatur.info\/?p=11927"},"modified":"2018-03-29T16:59:07","modified_gmt":"2018-03-29T14:59:07","slug":"una-semana-santa-orientada-la-montana-y-pendiente-de-la-meteorologia","status":"publish","type":"post","link":"https:\/\/www.comunicatur.info\/es\/una-semana-santa-orientada-la-montana-y-pendiente-de-la-meteorologia\/","title":{"rendered":"Una Semana Santa orientada a la monta\u00f1a y pendiente de la meteorolog\u00eda"},"content":{"rendered":"<p>Las previsiones del sector tur\u00edstico esta Semana Santa despiertan cierto optimismo por las ocupaciones superiores al 80% del conjunto de Catalu\u00f1a, con mejores expectativaa para las zonas de interior y monta\u00f1a que en las de costa.<!--more--><\/p>\n<p><img class=\"alignright size-medium wp-image-11929\" src=\"https:\/\/www.comunicatur.info\/wp-content\/uploads\/2018\/03\/neu_baqueira-300x182.jpg\" alt=\"\" width=\"300\" height=\"182\" srcset=\"https:\/\/www.comunicatur.info\/wp-content\/uploads\/2018\/03\/neu_baqueira-300x182.jpg 300w, https:\/\/www.comunicatur.info\/wp-content\/uploads\/2018\/03\/neu_baqueira.jpg 367w\" sizes=\"(max-width: 300px) 100vw, 300px\" \/>La meteorolog\u00eda juega un papel importante en estos d\u00edas y la afluencia de la clientela estar\u00e1 condicionada al tiempo. As\u00ed los destinos de los Pirineos se sit\u00faan con unas ocupaciones del 95% y el alojamiento rural del 80%. La oferta de nieve puede alargar su temporada y tiene unos d\u00edas al m\u00e1ximo rendimiento.<\/p>\n<p>En el caso de los destinos de litoral las ocupaciones estar\u00e1n en el 75%. Hay que tener en cuenta que por las fechas de esta Semana Santa, que son m\u00e1s tempranas, algunas marcas tur\u00edsticas de costa tienen la mayor parte de su oferta cerrada. Las bajas temperaturas de este a\u00f1o no animan a los turistas a decantarse masivamente por el litoral.<\/p>\n<p>La ciudad de Barcelona registra unas ocupaciones inferiores a las del a\u00f1o pasado, entre un 4 y 5% menos, pero afronta estos d\u00edas con un optimismo moderado. Los hoteleros de la capital catalana han hecho una estimaci\u00f3n de ocupaci\u00f3n del 80%. La ciudad sigue despertando el atractivo entre los turistas extranjeros y ser\u00e1 una de las m\u00e1s visitadas de Europa.<\/p>\n","protected":false},"excerpt":{"rendered":"<p>Las previsiones del sector tur\u00edstico esta Semana Santa despiertan cierto optimismo por las ocupaciones superiores al 80% del conjunto de Catalu\u00f1a, con mejores expectativaa para las zonas de interior y monta\u00f1a que en las de costa. La meteorolog\u00eda juega un papel importante en estos d\u00edas y la afluencia de la clientela estar\u00e1 condicionada al tiempo. &hellip;<\/p>\n","protected":false},"author":408,"featured_media":0,"comment_status":"closed","ping_status":"open","sticky":false,"template":"","format":"standard","meta":[],"categories":[62],"tags":[],"_links":{"self":[{"href":"https:\/\/www.comunicatur.info\/es\/wp-json\/wp\/v2\/posts\/11927"}],"collection":[{"href":"https:\/\/www.comunicatur.info\/es\/wp-json\/wp\/v2\/posts"}],"about":[{"href":"https:\/\/www.comunicatur.info\/es\/wp-json\/wp\/v2\/types\/post"}],"author":[{"embeddable":true,"href":"https:\/\/www.comunicatur.info\/es\/wp-json\/wp\/v2\/users\/408"}],"replies":[{"embeddable":true,"href":"https:\/\/www.comunicatur.info\/es\/wp-json\/wp\/v2\/comments?post=11927"}],"version-history":[{"count":2,"href":"https:\/\/www.comunicatur.info\/es\/wp-json\/wp\/v2\/posts\/11927\/revisions"}],"predecessor-version":[{"id":11932,"href":"https:\/\/www.comunicatur.info\/es\/wp-json\/wp\/v2\/posts\/11927\/revisions\/11932"}],"wp:attachment":[{"href":"https:\/\/www.comunicatur.info\/es\/wp-json\/wp\/v2\/media?parent=11927"}],"wp:term":[{"taxonomy":"category","embeddable":true,"href":"https:\/\/www.comunicatur.info\/es\/wp-json\/wp\/v2\/categories?post=11927"},{"taxonomy":"post_tag","embeddable":true,"href":"https:\/\/www.comunicatur.info\/es\/wp-json\/wp\/v2\/tags?post=11927"}],"curies":[{"name":"wp","href":"https:\/\/api.w.org\/{rel}","templated":true}]}}