{"id":11921,"date":"2018-04-03T00:00:39","date_gmt":"2018-04-02T22:00:39","guid":{"rendered":"https:\/\/comunicatur.info\/?p=11921"},"modified":"2018-03-29T16:59:21","modified_gmt":"2018-03-29T14:59:21","slug":"el-forum-turistic-presentara-soluciones-para-la-transformacion-digital-de-las-empresas-turisticas","status":"publish","type":"post","link":"https:\/\/www.comunicatur.info\/es\/el-forum-turistic-presentara-soluciones-para-la-transformacion-digital-de-las-empresas-turisticas\/","title":{"rendered":"El Forum TurisTIC presentar\u00e1 soluciones para la transformaci\u00f3n digital de las empresas tur\u00edsticas"},"content":{"rendered":"<p>Cerca de medio centenar de expertos debatir\u00e1n en Barcelona c\u00f3mo la tecnolog\u00eda se puede aplicar en todas las fases de un viaje en la sexta edici\u00f3n del <a href=\"http:\/\/www.forumturistic.com\/es\" target=\"_blank\" rel=\"noopener\"><strong>Forum TurisTIC<\/strong><\/a><strong>.<\/strong><br \/>\n<!--more--><\/p>\n<p><img class=\"alignright size-medium wp-image-11917\" src=\"https:\/\/www.comunicatur.info\/wp-content\/uploads\/2018\/03\/Eurecat_TurisTIC-300x200.jpg\" alt=\"\" width=\"300\" height=\"200\" srcset=\"https:\/\/www.comunicatur.info\/wp-content\/uploads\/2018\/03\/Eurecat_TurisTIC-300x200.jpg 300w, https:\/\/www.comunicatur.info\/wp-content\/uploads\/2018\/03\/Eurecat_TurisTIC-768x512.jpg 768w, https:\/\/www.comunicatur.info\/wp-content\/uploads\/2018\/03\/Eurecat_TurisTIC-600x400.jpg 600w, https:\/\/www.comunicatur.info\/wp-content\/uploads\/2018\/03\/Eurecat_TurisTIC.jpg 960w\" sizes=\"(max-width: 300px) 100vw, 300px\" \/>Se trata del principal evento del sector en Catalu\u00f1a, que se celebrar\u00e1 en el Auditorio del CaixaForum de la capital catalana el 10 y 11 de abril, organizado por el centro tecnol\u00f3gico <a href=\"https:\/\/eurecat.org\/es\/\" target=\"_blank\" rel=\"noopener\">Eurecat<\/a> y que cuenta con la colaboraci\u00f3n e implicaci\u00f3n de Comunicatur.<\/p>\n<p>Xavier Torra, presidente de Eurecat, explica que el evento abordar\u00e1 \u201cla incidencia que pueden tener avances como la rob\u00f3tica, la inteligencia artificial o el Big Data en un momento de cambios y de debate en el sector\u201d y este a\u00f1o se presenta \u201cen un formato innovador, que mostrar\u00e1 a la audiencia c\u00f3mo una familia ficticia planifica su viaje a Catalu\u00f1a con el uso de la tecnolog\u00eda, que har\u00e1 de hilo conductor por las distintas ponencias\u201d.<\/p>\n<p>En este sentido, un investigador de Eurecat presentar\u00e1 un proyecto basado en Deep Learning para detectar tendencias y preferencias de los turistas mediante las etiquetas que utilizan en Instagram. Tambi\u00e9n se hablar\u00e1 sobre la importancia de la anal\u00edtica de datos en un proyecto con Port Aventura y sobre las posibilidades de la Inteligencia Artificial para hacer un viaje a medida.<\/p>\n<p>El Forum TurisTIC finalizar\u00e1 con una ponencia sobre los nuevos perfiles profesionales en el sector del turismo que se han generado gracias a la tecnolog\u00eda, y que pasan por profesionales con un alto grado de especializaci\u00f3n y con un perfil m\u00e1s t\u00e9cnico.<\/p>\n<p>Las inscripciones al congreso ya est\u00e1n abiertas y se pueden realizar gratuitamente en la <a href=\"https:\/\/www.forumturistic.com\/inscripciones\/\" target=\"_blank\" rel=\"noopener\">web del evento<\/a>.<\/p>\n","protected":false},"excerpt":{"rendered":"<p>Cerca de medio centenar de expertos debatir\u00e1n en Barcelona c\u00f3mo la tecnolog\u00eda se puede aplicar en todas las fases de un viaje en la sexta edici\u00f3n del Forum TurisTIC. Se trata del principal evento del sector en Catalu\u00f1a, que se celebrar\u00e1 en el Auditorio del CaixaForum de la capital catalana el 10 y 11 de &hellip;<\/p>\n","protected":false},"author":408,"featured_media":0,"comment_status":"closed","ping_status":"open","sticky":false,"template":"","format":"standard","meta":[],"categories":[63,68],"tags":[],"_links":{"self":[{"href":"https:\/\/www.comunicatur.info\/es\/wp-json\/wp\/v2\/posts\/11921"}],"collection":[{"href":"https:\/\/www.comunicatur.info\/es\/wp-json\/wp\/v2\/posts"}],"about":[{"href":"https:\/\/www.comunicatur.info\/es\/wp-json\/wp\/v2\/types\/post"}],"author":[{"embeddable":true,"href":"https:\/\/www.comunicatur.info\/es\/wp-json\/wp\/v2\/users\/408"}],"replies":[{"embeddable":true,"href":"https:\/\/www.comunicatur.info\/es\/wp-json\/wp\/v2\/comments?post=11921"}],"version-history":[{"count":1,"href":"https:\/\/www.comunicatur.info\/es\/wp-json\/wp\/v2\/posts\/11921\/revisions"}],"predecessor-version":[{"id":11922,"href":"https:\/\/www.comunicatur.info\/es\/wp-json\/wp\/v2\/posts\/11921\/revisions\/11922"}],"wp:attachment":[{"href":"https:\/\/www.comunicatur.info\/es\/wp-json\/wp\/v2\/media?parent=11921"}],"wp:term":[{"taxonomy":"category","embeddable":true,"href":"https:\/\/www.comunicatur.info\/es\/wp-json\/wp\/v2\/categories?post=11921"},{"taxonomy":"post_tag","embeddable":true,"href":"https:\/\/www.comunicatur.info\/es\/wp-json\/wp\/v2\/tags?post=11921"}],"curies":[{"name":"wp","href":"https:\/\/api.w.org\/{rel}","templated":true}]}}