{"id":11886,"date":"2018-03-23T00:00:18","date_gmt":"2018-03-22T23:00:18","guid":{"rendered":"https:\/\/comunicatur.info\/?p=11886"},"modified":"2018-03-27T22:56:26","modified_gmt":"2018-03-27T21:56:26","slug":"b-travel-crea-b-travel-pro-un-nuevo-espacio-de-innovacion-para-el-profesional-del-sector-de-viajes-y-transporte-aereo","status":"publish","type":"post","link":"https:\/\/www.comunicatur.info\/es\/b-travel-crea-b-travel-pro-un-nuevo-espacio-de-innovacion-para-el-profesional-del-sector-de-viajes-y-transporte-aereo\/","title":{"rendered":"B-Travel crea B-Travel Pro, un nuevo espacio de innovaci\u00f3n para el profesional del sector de viajes y transporte a\u00e9reo"},"content":{"rendered":"<p>B-Travel, el sal\u00f3n l\u00edder especializado en turismo de experiencias de Fira de Barcelona que se celebrar\u00e1 del 20 al 22 de abril en el recinto de Montju\u00efc, dar\u00e1 a conocer a los profesionales del sector las nuevas tendencias tecnol\u00f3gicas para mejorar la experiencia del viajero. As\u00ed, con la colaboraci\u00f3n de la Mobile World Capital Barcelona, el sal\u00f3n crear\u00e1 B-Travel Pro, un nuevo espacio sobre innovaci\u00f3n destinado exclusivamente al \u00e1mbito profesional donde diversas <em>startups<\/em> y ponentes internacionales dar\u00e1n a conocer las iniciativas m\u00e1s disruptivas del sector.<\/p>\n<p>Esta zona acoger\u00e1 el d\u00eda 20 de abril un amplio programa de actividades que dar\u00e1 a conocer las \u00faltimas innovaciones tecnol\u00f3gicas aplicadas al sector tur\u00edstico y al transporte a\u00e9reo con la presencia de 15 <em>startups<\/em> tur\u00edsticas procedentes de pa\u00edses europeos, Estados Unidos o Israel, entre otros. En este sentido, se llevar\u00e1n a cabo diversas <em>mentoring sessions<\/em> con <em>keynotes<\/em> inspiracionales y diversos workshops y reuniones entre emprendedores y grandes empresas tur\u00edsticas. Asimismo, tambi\u00e9n tendr\u00e1n lugar varias sesiones de <em>pitching <\/em>en que las startups presentar\u00e1n sus soluciones ante los principales agentes del sector y se potenciar\u00e1n diversas actividades de networking con la comunidad.<\/p>\n<blockquote>\n<h2 style=\"text-align: left;\">Compra de entradas<\/h2>\n<h3 style=\"text-align: center;\">Compra directamente desde Comunicatur tu entrada al B-TRAVEL PRO, el evento para profesionales del sector tur\u00edstico<\/h3>\n<p><a href=\"http:\/\/www.b-travel.com\/entradas?utm_source=display&amp;utm_medium=comunicatur&amp;utm_campaign=captacionvisitante&amp;utm_content=1&amp;amc=dis.elogia.374524.387832.123379\" target=\"_blank\" rel=\"noopener noreferrer\"><img class=\"aligncenter wp-image-11912 size-full\" src=\"https:\/\/www.comunicatur.info\/wp-content\/uploads\/2018\/03\/banner_btravel_pro_566x70-1-1.gif\" alt=\"\" width=\"566\" height=\"70\" \/><\/a><\/p>\n<h3 style=\"text-align: center;\">Y aprovecha el descuento que\u00a0te ofrecemos haciendo clic en este banner<\/h3>\n<h4 style=\"text-align: center;\"><strong>NO TE QUEDES FUERA!!<\/strong><\/h4>\n<\/blockquote>\n<h2>Algunos datos de inter\u00e9s sobre la edici\u00f3n pasada 2017<\/h2>\n<p><a href=\"https:\/\/www.comunicatur.info\/wp-content\/uploads\/2018\/03\/Captura.jpg\"><img class=\"aligncenter wp-image-11913 size-full\" src=\"https:\/\/www.comunicatur.info\/wp-content\/uploads\/2018\/03\/Captura.jpg\" alt=\"\" width=\"977\" height=\"558\" srcset=\"https:\/\/www.comunicatur.info\/wp-content\/uploads\/2018\/03\/Captura.jpg 977w, https:\/\/www.comunicatur.info\/wp-content\/uploads\/2018\/03\/Captura-300x171.jpg 300w, https:\/\/www.comunicatur.info\/wp-content\/uploads\/2018\/03\/Captura-768x439.jpg 768w, https:\/\/www.comunicatur.info\/wp-content\/uploads\/2018\/03\/Captura-600x343.jpg 600w\" sizes=\"(max-width: 977px) 100vw, 977px\" \/><\/a><\/p>\n<h2>La edici\u00f3n actual B-Travel Pro 2018<\/h2>\n<p>La oferta de B-Travel Pro se completar\u00e1 con un ciclo de conferencias que girar\u00e1n alrededor de dos ejes tem\u00e1ticos. El primer eje aeron\u00e1utico, que promociona el Comit\u00e9 de Desarrollo de Rutas A\u00e9reas del aeropuerto de Barcelona-el Prat, analizar\u00e1 las nuevas opciones de conectividad entre aerol\u00edneas, especialmente, entre las de bajo coste y que, con las nuevas tecnolog\u00edas, est\u00e1n cambiando las reglas del juego como han puesto de manifiesto los acuerdos suscritos entre Norwegian y Easyjet o Air Europa y Ryanair, as\u00ed como el posible papel que los aeropuertos pueden jugar en conectividad con un representante de Londres Gatwick, que dar\u00e1 a conocer su producto Gatwick Connect.<\/p>\n<p>Adem\u00e1s, la Asociaci\u00f3n Corporativa de Agencias de Viajes Especializadas (ACAVE) ofrecer\u00e1 la perspectiva de las agencias y proveedores tecnol\u00f3gicos como la islandesa Dohop o la brit\u00e1nica Air Black Box explicar\u00e1n c\u00f3mo contribuyen a que diferentes compa\u00f1\u00edas a\u00e9reas se conecten entre s\u00ed.<\/p>\n<p>Por otra parte, tambi\u00e9n se abordar\u00e1 el proceso transformador innovador que est\u00e1 viviendo el sector de viajes y las aerol\u00edneas, las New Distribution Capabilities (NDC), que permiten multiplicar las posibilidades de venta y distribuci\u00f3n de todo tipo de productos y servicios a trav\u00e9s de los portales de las compa\u00f1\u00edas a\u00e9reas, con la participaci\u00f3n de las agencias American Express Travel y Carlson Wagonlit Travel, mientras que representantes de aerol\u00edneas y de startups tecnol\u00f3gicas como Caravelo, App in the Air y AirGateway mostrar\u00e1n la transformaci\u00f3n que est\u00e1n llevando a cabo y miembros de los sistemas cl\u00e1sicos de distribuci\u00f3n (GDP\u2019s) explicar\u00e1n su adaptaci\u00f3n al nuevo mercado.<\/p>\n<p>En el segundo track, centrado en el \u00e1mbito del <em>sport hospitality <\/em>con la organizaci\u00f3n Match Hospitality, se abordar\u00e1n las iniciativas que buscan enriquecer la experiencia del usuario con la participaci\u00f3n de representantes de organizadores de eventos deportivos como Kate Beavan, directora de Hospitality y Experiencias de F\u00f3rmula 1, entre otros, que presentar\u00e1 sus ideas para mejorar la experiencia del aficionado durante la disputa de un Gran Premio.<\/p>\n<p><em>\u201cCon esta nueva zona de innovaci\u00f3n, B-Travel responde a una petici\u00f3n expresada por los profesionales del sector de viajes y del transporte a\u00e9reo que reclamaban un espacio propio en un certamen especialmente dirigido al p\u00fablico final. En B-Travel Pro, mostraremos c\u00f3mo las innovaciones m\u00e1s disruptivas tienen como gran objetivo mejorar la experiencia del viajero. Para hacerlo posible contamos con los diversos activos que tiene Barcelona como hub de innovaci\u00f3n, aeroportuario o en el \u00e1mbito del sport hospitality que nos permite tener un posicionamiento diferencial respecto a otros eventos del sector a nivel internacional\u201d,<\/em> afirma la directora del sal\u00f3n, Marta Serra.<\/p>\n<p>En el marco de B-Travel Pro, tendr\u00e1 lugar la primera edici\u00f3n de TopRail Forum, un congreso organizado por la Uni\u00f3n Internacional de Ferrocarriles (UIC) en el que se abordar\u00e1n las oportunidades de negocio que ofrece el turismo ferroviario avanzando una nueva tendencia consistente en extender la conexi\u00f3n intermodal, que habitualmente se utiliza para mercanc\u00edas, a viajeros y que ser\u00e1 uno de los <em>tracks <\/em>del futuro de B-Travel Pro.<\/p>\n<p><strong>El sal\u00f3n de las experiencias<\/strong><br \/>\nB-Travel reunir\u00e1 las experiencias viajeras que ofrecen todas las comunidades aut\u00f3nomas y una importante representaci\u00f3n de pa\u00edses y regiones del mundo, as\u00ed como de agencias de viajes, compa\u00f1\u00edas hoteleras y cruceros.<\/p>\n<p>La oferta de B-Travel se completa con Le\u00f3n, designada Capital Espa\u00f1ola de la Gastronom\u00eda, y Renfe, que celebra el d\u00e9cimo aniversario del AVE Barcelona-Madrid con grandes ofertas y promociones, que ser\u00e1n las grandes protagonistas de la edici\u00f3n de este a\u00f1o.<\/p>\n","protected":false},"excerpt":{"rendered":"<p>B-Travel, el sal\u00f3n l\u00edder especializado en turismo de experiencias de Fira de Barcelona que se celebrar\u00e1 del 20 al 22 de abril en el recinto de Montju\u00efc, dar\u00e1 a conocer a los profesionales del sector las nuevas tendencias tecnol\u00f3gicas para mejorar la experiencia del viajero. As\u00ed, con la colaboraci\u00f3n de la Mobile World Capital Barcelona, &hellip;<\/p>\n","protected":false},"author":408,"featured_media":0,"comment_status":"closed","ping_status":"open","sticky":false,"template":"","format":"standard","meta":[],"categories":[63],"tags":[],"_links":{"self":[{"href":"https:\/\/www.comunicatur.info\/es\/wp-json\/wp\/v2\/posts\/11886"}],"collection":[{"href":"https:\/\/www.comunicatur.info\/es\/wp-json\/wp\/v2\/posts"}],"about":[{"href":"https:\/\/www.comunicatur.info\/es\/wp-json\/wp\/v2\/types\/post"}],"author":[{"embeddable":true,"href":"https:\/\/www.comunicatur.info\/es\/wp-json\/wp\/v2\/users\/408"}],"replies":[{"embeddable":true,"href":"https:\/\/www.comunicatur.info\/es\/wp-json\/wp\/v2\/comments?post=11886"}],"version-history":[{"count":3,"href":"https:\/\/www.comunicatur.info\/es\/wp-json\/wp\/v2\/posts\/11886\/revisions"}],"predecessor-version":[{"id":11911,"href":"https:\/\/www.comunicatur.info\/es\/wp-json\/wp\/v2\/posts\/11886\/revisions\/11911"}],"wp:attachment":[{"href":"https:\/\/www.comunicatur.info\/es\/wp-json\/wp\/v2\/media?parent=11886"}],"wp:term":[{"taxonomy":"category","embeddable":true,"href":"https:\/\/www.comunicatur.info\/es\/wp-json\/wp\/v2\/categories?post=11886"},{"taxonomy":"post_tag","embeddable":true,"href":"https:\/\/www.comunicatur.info\/es\/wp-json\/wp\/v2\/tags?post=11886"}],"curies":[{"name":"wp","href":"https:\/\/api.w.org\/{rel}","templated":true}]}}