{"id":11748,"date":"2018-02-27T00:00:54","date_gmt":"2018-02-26T23:00:54","guid":{"rendered":"https:\/\/comunicatur.info\/?p=11748"},"modified":"2018-02-26T13:44:41","modified_gmt":"2018-02-26T12:44:41","slug":"el-labturisme-de-la-diputacion-constata-el-descenso-de-diciembre-en-la-provincia-de-barcelona","status":"publish","type":"post","link":"https:\/\/www.comunicatur.info\/es\/el-labturisme-de-la-diputacion-constata-el-descenso-de-diciembre-en-la-provincia-de-barcelona\/","title":{"rendered":"El LABturisme de la Diputaci\u00f3n constata el descenso de diciembre en la provincia de Barcelona"},"content":{"rendered":"<p>Los datos oficiales de la actividad tur\u00edstica del mes de diciembre que ha presentado la Diputaci\u00f3n de Barcelona a trav\u00e9s del LABturisme y que se basan en los datos del INE, IDESCAT y la Direcci\u00f3n General de Turismo de la Generalitat, constatan el descenso de los principales indicadores tur\u00edsticos de la provincia de Barcelona.<!--more--><\/p>\n<p><a href=\"https:\/\/www.comunicatur.info\/wp-content\/uploads\/2016\/07\/Art026-1-Pant\u00e0-de-Sau.jpg\"><img class=\"alignright size-medium wp-image-8804\" src=\"https:\/\/www.comunicatur.info\/wp-content\/uploads\/2016\/07\/Art026-1-Pant\u00e0-de-Sau-300x150.jpg\" alt=\"\" width=\"300\" height=\"150\" srcset=\"https:\/\/www.comunicatur.info\/wp-content\/uploads\/2016\/07\/Art026-1-Pant\u00e0-de-Sau-300x150.jpg 300w, https:\/\/www.comunicatur.info\/wp-content\/uploads\/2016\/07\/Art026-1-Pant\u00e0-de-Sau-600x300.jpg 600w, https:\/\/www.comunicatur.info\/wp-content\/uploads\/2016\/07\/Art026-1-Pant\u00e0-de-Sau.jpg 700w\" sizes=\"(max-width: 300px) 100vw, 300px\" \/><\/a>El comportamiento negativo de diciembre fue tanto en el <strong>n\u00famero de turistas (-3,6%)<\/strong> como en <strong>las pernoctaciones (-7,1%)<\/strong> en relaci\u00f3n siempre al a\u00f1o anterior. En total, el n\u00famero de turistas fue de 204.467.<\/p>\n<p>Pero el descenso es desigual: mientras en los <strong>establecimientos hoteleros<\/strong> la ca\u00edda en el n\u00famero de turistas es del 5,9% y el n\u00famero de pernoctaciones es del 10,3%, nos encontramos que en <strong>el turismo rural las cifras son positivas<\/strong>: +21,8% en el n\u00famero de turistas y +20,2% en el n\u00famero de pernoctaciones. Adem\u00e1s, el turismo rural crece gracias al mercado espa\u00f1ol, ya que en esta tipolog\u00eda el turismo extranjero es muy poco significativo.<\/p>\n<p>En el caso de los <strong>campings <\/strong>tambi\u00e9n las cifras son positivas, aunque no tanto: +6,2% en el caso de n\u00famero de turistas y ligera ca\u00edda en las pernoctaciones (-2,4%). Tambi\u00e9n aqu\u00ed el turismo espa\u00f1ol es el que genera estas cifras, ya que representa el 91% sobre el total de turistas en los campings.<\/p>\n<p><a href=\"http:\/\/www.diba.cat\/documents\/74348\/108043133\/12_Indicadors+activitat+mes+desembre_2017.pdf\/6b239ebe-a16d-4ffa-b86a-43a35d8ee3d8\" target=\"_blank\" rel=\"noopener\"><em>Todos los datos est\u00e1n disponibles en la web del LABturisme<\/em><\/a> de la Diputaci\u00f3n de Barcelona, al igual que una <a href=\"http:\/\/media.diba.cat\/diba\/labturisme\/2017-12\/index.html\" target=\"_blank\" rel=\"noopener\"><em>infograf\u00eda<\/em><\/a> muy clara en su dise\u00f1o e informaci\u00f3n.<\/p>\n","protected":false},"excerpt":{"rendered":"<p>Los datos oficiales de la actividad tur\u00edstica del mes de diciembre que ha presentado la Diputaci\u00f3n de Barcelona a trav\u00e9s del LABturisme y que se basan en los datos del INE, IDESCAT y la Direcci\u00f3n General de Turismo de la Generalitat, constatan el descenso de los principales indicadores tur\u00edsticos de la provincia de Barcelona. El &hellip;<\/p>\n","protected":false},"author":408,"featured_media":0,"comment_status":"closed","ping_status":"open","sticky":false,"template":"","format":"standard","meta":[],"categories":[62,74],"tags":[],"_links":{"self":[{"href":"https:\/\/www.comunicatur.info\/es\/wp-json\/wp\/v2\/posts\/11748"}],"collection":[{"href":"https:\/\/www.comunicatur.info\/es\/wp-json\/wp\/v2\/posts"}],"about":[{"href":"https:\/\/www.comunicatur.info\/es\/wp-json\/wp\/v2\/types\/post"}],"author":[{"embeddable":true,"href":"https:\/\/www.comunicatur.info\/es\/wp-json\/wp\/v2\/users\/408"}],"replies":[{"embeddable":true,"href":"https:\/\/www.comunicatur.info\/es\/wp-json\/wp\/v2\/comments?post=11748"}],"version-history":[{"count":1,"href":"https:\/\/www.comunicatur.info\/es\/wp-json\/wp\/v2\/posts\/11748\/revisions"}],"predecessor-version":[{"id":11749,"href":"https:\/\/www.comunicatur.info\/es\/wp-json\/wp\/v2\/posts\/11748\/revisions\/11749"}],"wp:attachment":[{"href":"https:\/\/www.comunicatur.info\/es\/wp-json\/wp\/v2\/media?parent=11748"}],"wp:term":[{"taxonomy":"category","embeddable":true,"href":"https:\/\/www.comunicatur.info\/es\/wp-json\/wp\/v2\/categories?post=11748"},{"taxonomy":"post_tag","embeddable":true,"href":"https:\/\/www.comunicatur.info\/es\/wp-json\/wp\/v2\/tags?post=11748"}],"curies":[{"name":"wp","href":"https:\/\/api.w.org\/{rel}","templated":true}]}}