{"id":11721,"date":"2018-02-26T00:00:04","date_gmt":"2018-02-25T23:00:04","guid":{"rendered":"https:\/\/comunicatur.info\/?p=11721"},"modified":"2018-02-22T15:41:39","modified_gmt":"2018-02-22T14:41:39","slug":"trabajo-en-el-sector-el-turismo-se-mueve-en-la-direccion-correcta","status":"publish","type":"post","link":"https:\/\/www.comunicatur.info\/es\/trabajo-en-el-sector-el-turismo-se-mueve-en-la-direccion-correcta\/","title":{"rendered":"Trabajo en el sector: \u00bfel turismo se mueve en la direcci\u00f3n correcta?"},"content":{"rendered":"<p>Se acercan dos momentos importantes del a\u00f1o tur\u00edstico: por un lado, el sector comienza a buscar los trabajadores para la temporada fuerte de verano, que, en muchos casos comienza con la Semana Santa. Y, por otro lado, las grandes escuelas de turismo est\u00e1n enfilando la parte final del curso y, en muchos casos, de finalizaci\u00f3n de estudios. Es el momento de llevar a la pr\u00e1ctica el encuentro empresas \u2013 buscadores de trabajo.<!--more--><\/p>\n<p><a href=\"https:\/\/www.comunicatur.info\/wp-content\/uploads\/2018\/02\/HE-StPol.jpg\"><img class=\"alignright size-full wp-image-11716\" src=\"https:\/\/www.comunicatur.info\/wp-content\/uploads\/2018\/02\/HE-StPol.jpg\" alt=\"\" width=\"240\" height=\"134\" \/><\/a>As\u00ed,<strong> la Escuela Universitaria de Hoteler\u00eda y Turismo de Sant Pol de Mar (EUHT StPol)<\/strong> ha celebrado sus Jornadas de Desarrollo Profesional. En este caso, una sesentena de alumnos se han podido entrevistar con los responsables de recursos humanos de importantes grupos hoteleros.<\/p>\n<p>Por su parte, <strong>el CETT, el Campus de Turismo, Hoteler\u00eda y Gastronom\u00eda de la Universidad de Barcelona <\/strong>tambi\u00e9n ha celebrado su <em>trobada<\/em> con 72 empresas punteras del sector tur\u00edstico, hotelero y gastron\u00f3mico con m\u00e1s de 326 alumnos del CETT. El encuentro ha tenido mesas redondas, <em>workshops<\/em> y entrevistas y por vez primera se ha incorporado el <strong>Espacio Turismo 3.0,<\/strong> destinado a <em>startups<\/em> y emprendimiento.<br \/>\n<strong>Crecen los afiliados a la Seguridad Social del sector tur\u00edstico<\/strong><br \/>\n<a href=\"https:\/\/www.comunicatur.info\/wp-content\/uploads\/2018\/02\/hosteleria.jpg\"><img class=\"alignleft size-medium wp-image-11717\" src=\"https:\/\/www.comunicatur.info\/wp-content\/uploads\/2018\/02\/hosteleria-300x157.jpg\" alt=\"\" width=\"300\" height=\"157\" srcset=\"https:\/\/www.comunicatur.info\/wp-content\/uploads\/2018\/02\/hosteleria-300x157.jpg 300w, https:\/\/www.comunicatur.info\/wp-content\/uploads\/2018\/02\/hosteleria.jpg 459w\" sizes=\"(max-width: 300px) 100vw, 300px\" \/><\/a>Estos dos son s\u00f3lo algunos ejemplos de lo que est\u00e1 pasando en las diferentes escuelas de turismo y restauraci\u00f3n del pa\u00eds y podr\u00edamos a\u00f1adir los encuentros que tambi\u00e9n realizan algunas federaciones y asociaciones para dar salida a las demandas laborales de sus afiliados. La relativa bonanza econ\u00f3mica trae un aumento de trabajo en el sector y muchos alumnos tendr\u00e1n su primera experiencia laboral seria esta temporada. El crecimiento laboral del sector es un hecho. As\u00ed, el Ministerio de Energ\u00eda, Turismo y Agenda Digital ha dado a conocer el n\u00famero de trabajadores del sector tur\u00edstico dados de alta en la Seguridad Social en el mes de enero.<\/p>\n<p><strong>El resultado, \u00bfes esperanzador? Podr\u00eda parecer que s\u00ed, porque\u2026<\/strong><br \/>\n&#8211; 2,17 millones de personas se dieron de alta en la Seguridad Social en el mes de enero<br \/>\n&#8211; Es un aumento del 4,1% respecto al primer mes de 2017<br \/>\n&#8211; En hoteler\u00eda y agencias de viajes los afiliados aumentaron un 3,7%<br \/>\n<strong>&#8230; pero \u00bfes \u00e9sta la buena direcci\u00f3n?<br \/>\n<\/strong>&#8211; S\u00f3lo 1,7 millones fueron asalariados (+5,2%)<br \/>\n&#8211; 468.004 son aut\u00f3nomos, un 0,3% m\u00e1s que en enero de 2017<br \/>\n-El n\u00famero m\u00e1s grande de ocupaci\u00f3n, por subsectores, lo encontramos en las agencias de viajes y turoperadores, que crecieron un 6,2%<br \/>\n&#8211; El modelo que se ha seguido en los \u00faltimos a\u00f1os en la hoteler\u00eda (subcontratar muchos servicios, de aqu\u00ed, por ejemplo, la problem\u00e1tica de las mal llamadas <em>kellys<\/em>) llega ahora tambi\u00e9n a las agencias de viajes, que en lugar de tener trabajadores fijos, los obligan a hacerse aut\u00f3nomos y as\u00ed les ofrecen trabajo s\u00f3lo durante los picos de la temporada.<br \/>\n&#8211; El sindicato CCOO ha denunciado que los salarios de la hoteler\u00eda suben por debajo de la media y menos que los resultados de las empresas tur\u00edsticas.<br \/>\n&#8211; Tambi\u00e9n denuncian que un total de 30 convenios colectivos implicados en el turismo est\u00e1n bloqueados y que <strong>el 48% de los contratos temporales suscritos el a\u00f1o pasado fueron de dos semanas de duraci\u00f3n<\/strong>.<br \/>\n&#8211; Ya en el mes de septiembre de 2017, con motivo <strong>del D\u00eda Mundial del Turismo<\/strong>, el sindicato record\u00f3 que la bonanza econ\u00f3mica del turismo est\u00e1 en contraposici\u00f3n a la precariedad que sufre la ocupaci\u00f3n y condiciones laborales del sector. En su comunicado dec\u00eda que <em>\u201cEl incremento del rendimiento y beneficios de las empresas se ha traducido en mayor explotaci\u00f3n laboral sustentada en salarios m\u00e1s bajos, precariedad laboral, alta temporalidad y con jornadas reducidas, aumento de la externalizaci\u00f3n de departamentos de actividades troncales al negocio con el objetivo de no aplicar los convenios colectivos sectoriales, rebajando as\u00ed los salarios en torno al 40%, como en el caso de las camareras de pisos.\u201d<\/em><\/p>\n<p>Precisamente este colectivo, pionero en sus reivindicaciones, han llevado su tema a Europa y han pedido un sello de \u201ccalidad laboral\u201d para los hoteles que cumplan con unos salarios dignos.<\/p>\n","protected":false},"excerpt":{"rendered":"<p>Se acercan dos momentos importantes del a\u00f1o tur\u00edstico: por un lado, el sector comienza a buscar los trabajadores para la temporada fuerte de verano, que, en muchos casos comienza con la Semana Santa. Y, por otro lado, las grandes escuelas de turismo est\u00e1n enfilando la parte final del curso y, en muchos casos, de finalizaci\u00f3n &hellip;<\/p>\n","protected":false},"author":408,"featured_media":0,"comment_status":"closed","ping_status":"open","sticky":false,"template":"","format":"standard","meta":[],"categories":[68,61,73],"tags":[],"_links":{"self":[{"href":"https:\/\/www.comunicatur.info\/es\/wp-json\/wp\/v2\/posts\/11721"}],"collection":[{"href":"https:\/\/www.comunicatur.info\/es\/wp-json\/wp\/v2\/posts"}],"about":[{"href":"https:\/\/www.comunicatur.info\/es\/wp-json\/wp\/v2\/types\/post"}],"author":[{"embeddable":true,"href":"https:\/\/www.comunicatur.info\/es\/wp-json\/wp\/v2\/users\/408"}],"replies":[{"embeddable":true,"href":"https:\/\/www.comunicatur.info\/es\/wp-json\/wp\/v2\/comments?post=11721"}],"version-history":[{"count":3,"href":"https:\/\/www.comunicatur.info\/es\/wp-json\/wp\/v2\/posts\/11721\/revisions"}],"predecessor-version":[{"id":11724,"href":"https:\/\/www.comunicatur.info\/es\/wp-json\/wp\/v2\/posts\/11721\/revisions\/11724"}],"wp:attachment":[{"href":"https:\/\/www.comunicatur.info\/es\/wp-json\/wp\/v2\/media?parent=11721"}],"wp:term":[{"taxonomy":"category","embeddable":true,"href":"https:\/\/www.comunicatur.info\/es\/wp-json\/wp\/v2\/categories?post=11721"},{"taxonomy":"post_tag","embeddable":true,"href":"https:\/\/www.comunicatur.info\/es\/wp-json\/wp\/v2\/tags?post=11721"}],"curies":[{"name":"wp","href":"https:\/\/api.w.org\/{rel}","templated":true}]}}