{"id":11684,"date":"2018-02-19T00:00:30","date_gmt":"2018-02-18T23:00:30","guid":{"rendered":"https:\/\/comunicatur.info\/?p=11684"},"modified":"2018-02-17T16:45:12","modified_gmt":"2018-02-17T15:45:12","slug":"jornada-trabaja-en-el-turismo-en-tarragona-para-encontrar-trabajo-inmediato","status":"publish","type":"post","link":"https:\/\/www.comunicatur.info\/es\/jornada-trabaja-en-el-turismo-en-tarragona-para-encontrar-trabajo-inmediato\/","title":{"rendered":"Jornada \u00abTrabaja en el Turismo\u00bb en Tarragona para encontrar trabajo inmediato"},"content":{"rendered":"<p>La Federaci\u00f3n Empresarial de Hosteler\u00eda y Turismo de Tarragona (FEHT), <strong>presenta el jueves, 22 de febrero<\/strong> su primera Jornada \u201cTrabaja en el Turismo\u201d.<!--more--><\/p>\n<p><a href=\"https:\/\/www.comunicatur.info\/wp-content\/uploads\/2018\/02\/LOGO-FEHT-TARRAGONA.png\"><img class=\"alignright size-full wp-image-11681\" src=\"https:\/\/www.comunicatur.info\/wp-content\/uploads\/2018\/02\/LOGO-FEHT-TARRAGONA.png\" alt=\"\" width=\"200\" height=\"200\" srcset=\"https:\/\/www.comunicatur.info\/wp-content\/uploads\/2018\/02\/LOGO-FEHT-TARRAGONA.png 200w, https:\/\/www.comunicatur.info\/wp-content\/uploads\/2018\/02\/LOGO-FEHT-TARRAGONA-150x150.png 150w\" sizes=\"(max-width: 200px) 100vw, 200px\" \/><\/a>Se trata de un encuentro muy pr\u00e1ctico, dirigido tanto a estudiantes como a otras personas con perfiles profesionales que quieran ocupar lugares de trabajo en el sector tur\u00edstico.<\/p>\n<p>La iniciativa de la Federaci\u00f3n pretende que, ante la nueva temporada tur\u00edstica, las empresas de alojamiento y restauraci\u00f3n puedan encontrar los profesionales que necesitan, al mismo tiempo que abre una v\u00eda directa a las personas en b\u00fasqueda de empleo.<\/p>\n<p>As\u00ed, el jueves 22 de febrero, de 9 a 15 horas, m\u00e1s de 20 empresas de todo el territorio de Tarragona se presentar\u00e1n para captar candidatos a los lugares de trabajo disponibles. Por su parte, los aspirantes conocer\u00e1n en una sola ma\u00f1ana todas estas empresas, podr\u00e1n entregarles directamente sus CV y entrevistarse con los responsables empresariales de forma personalizada.<\/p>\n<p>El encuentro tendr\u00e1 lugar en el Parque Cient\u00edfico y Tecnol\u00f3gico de Turismo y Ocio de Vila-Seca (calle Joanot Martorell, 15) y los interesados deber\u00e1n inscribirse previamente en el web de la Federaci\u00f3n.<\/p>\n<p><a href=\"http:\/\/feht-turisme.org\/treballa-al-turisme\/\" target=\"_blank\" rel=\"noopener\"><em>Me quiero inscribir<\/em><\/a><\/p>\n","protected":false},"excerpt":{"rendered":"<p>La Federaci\u00f3n Empresarial de Hosteler\u00eda y Turismo de Tarragona (FEHT), presenta el jueves, 22 de febrero su primera Jornada \u201cTrabaja en el Turismo\u201d. Se trata de un encuentro muy pr\u00e1ctico, dirigido tanto a estudiantes como a otras personas con perfiles profesionales que quieran ocupar lugares de trabajo en el sector tur\u00edstico. La iniciativa de la &hellip;<\/p>\n","protected":false},"author":408,"featured_media":0,"comment_status":"closed","ping_status":"open","sticky":false,"template":"","format":"standard","meta":[],"categories":[61,68],"tags":[],"_links":{"self":[{"href":"https:\/\/www.comunicatur.info\/es\/wp-json\/wp\/v2\/posts\/11684"}],"collection":[{"href":"https:\/\/www.comunicatur.info\/es\/wp-json\/wp\/v2\/posts"}],"about":[{"href":"https:\/\/www.comunicatur.info\/es\/wp-json\/wp\/v2\/types\/post"}],"author":[{"embeddable":true,"href":"https:\/\/www.comunicatur.info\/es\/wp-json\/wp\/v2\/users\/408"}],"replies":[{"embeddable":true,"href":"https:\/\/www.comunicatur.info\/es\/wp-json\/wp\/v2\/comments?post=11684"}],"version-history":[{"count":1,"href":"https:\/\/www.comunicatur.info\/es\/wp-json\/wp\/v2\/posts\/11684\/revisions"}],"predecessor-version":[{"id":11685,"href":"https:\/\/www.comunicatur.info\/es\/wp-json\/wp\/v2\/posts\/11684\/revisions\/11685"}],"wp:attachment":[{"href":"https:\/\/www.comunicatur.info\/es\/wp-json\/wp\/v2\/media?parent=11684"}],"wp:term":[{"taxonomy":"category","embeddable":true,"href":"https:\/\/www.comunicatur.info\/es\/wp-json\/wp\/v2\/categories?post=11684"},{"taxonomy":"post_tag","embeddable":true,"href":"https:\/\/www.comunicatur.info\/es\/wp-json\/wp\/v2\/tags?post=11684"}],"curies":[{"name":"wp","href":"https:\/\/api.w.org\/{rel}","templated":true}]}}