{"id":11604,"date":"2018-02-02T00:00:40","date_gmt":"2018-02-01T23:00:40","guid":{"rendered":"https:\/\/comunicatur.info\/?p=11604"},"modified":"2018-02-01T18:17:29","modified_gmt":"2018-02-01T17:17:29","slug":"espana-bate-records-818-millones-de-turistas-en-2017","status":"publish","type":"post","link":"https:\/\/www.comunicatur.info\/es\/espana-bate-records-818-millones-de-turistas-en-2017\/","title":{"rendered":"Espa\u00f1a bate r\u00e9cords: 81,8 millones de turistas en 2017"},"content":{"rendered":"<p>El Instituto Nacional de Estad\u00edstica (INE) acaba de dar a conocer las cifras de Movimientos Tur\u00edsticos en Fronteras, el popular estudio FRONTUR del a\u00f1o 2017.<\/p>\n<p><!--more-->Los datos, presentados el 1 de febrero, incluyen los del mes de diciembre de 2017 y los de todo el a\u00f1o 2017. Aunque los anuales aun son provisionales, las cifras son muy positivas, ya que por quinto a\u00f1o consecutivo Espa\u00f1a bate su r\u00e9cord hist\u00f3rico al alcanzar los 81,8 millones de turistas, un 8,6\u20ac m\u00e1s que en 2016.<br \/>\nLos principales datos son los siguientes:<\/p>\n<ul>\n<li>81,8 millones de turistas (+8,6%)<\/li>\n<li>Principales <strong>pa\u00edses de residencia<\/strong> de los turistas:<br \/>\nReino Unido aport\u00f3 19 millones de turistas (+6,2%)<br \/>\nAlemania aport\u00f3 11,7 millones (+6,1%)<\/li>\n<\/ul>\n<p>Francia aport\u00f3 11,2 millones (-0,1%)<\/p>\n<ul>\n<li><strong>Catalu\u00f1a<\/strong> es la principal comunidad de destino, con 19 millones de turistas (+5,0%)<\/li>\n<li>Le siguen Canarias (14,2 millones y un +7,2%) y Baleares (13,8 millones y un +6,1%)<\/li>\n<li>Llegaron <strong>por v\u00eda a\u00e9rea<\/strong> 66,6 millones de turistas (+10,4%), es decir un 81,4%<\/li>\n<li>El principal motivo del viaje es el <strong><em>Ocio, recreo y vacaciones <\/em><\/strong>(71 millones; +10,5%), seguido por <strong><em>Negocios y motivos profesionales<\/em><\/strong> (4,7 millones; +0,6%)<\/li>\n<li>La duraci\u00f3n de la estancia se sit\u00faa entre las cuatro y las siete noches.<\/li>\n<li>Organizaci\u00f3n del viaje: 57,8 millones llegaron sin paquete tur\u00edstico (+10,5%) y 24 millones con paquete tur\u00edstico (4,3% m\u00e1s)<\/li>\n<li><strong>Gasto de los turistas<\/strong>: 86.823 millones de euros (+12,2%)<\/li>\n<li>Alojamientos:<br \/>\nEl hotel sigue estando a la cabeza, con 51,2 millones (+6,5%)<br \/>\nResto de alojamientos de mercado: 3,9 millones (+17,1%)<br \/>\n<strong>La vivienda de alquiler<\/strong> es la que m\u00e1s crece, con 9,7 millones (+20,2%)<\/li>\n<\/ul>\n<p>Todos los datos est\u00e1n disponibles en <a href=\"http:\/\/www.ine.es\/\" target=\"_blank\" rel=\"noopener\">la web del Instituto Nacional de Estad\u00edstica<\/a>, donde adem\u00e1s hay una interesante <a href=\"http:\/\/www.ine.es\/infografias\/turismo\/desktop\/index.html?lang=es\" target=\"_blank\" rel=\"noopener\">infograf\u00eda en l\u00ednea<\/a>, clicable para cada uno de los elementos que se presentan.<\/p>\n","protected":false},"excerpt":{"rendered":"<p>El Instituto Nacional de Estad\u00edstica (INE) acaba de dar a conocer las cifras de Movimientos Tur\u00edsticos en Fronteras, el popular estudio FRONTUR del a\u00f1o 2017. Los datos, presentados el 1 de febrero, incluyen los del mes de diciembre de 2017 y los de todo el a\u00f1o 2017. Aunque los anuales aun son provisionales, las cifras &hellip;<\/p>\n","protected":false},"author":408,"featured_media":0,"comment_status":"closed","ping_status":"open","sticky":false,"template":"","format":"standard","meta":[],"categories":[74],"tags":[],"_links":{"self":[{"href":"https:\/\/www.comunicatur.info\/es\/wp-json\/wp\/v2\/posts\/11604"}],"collection":[{"href":"https:\/\/www.comunicatur.info\/es\/wp-json\/wp\/v2\/posts"}],"about":[{"href":"https:\/\/www.comunicatur.info\/es\/wp-json\/wp\/v2\/types\/post"}],"author":[{"embeddable":true,"href":"https:\/\/www.comunicatur.info\/es\/wp-json\/wp\/v2\/users\/408"}],"replies":[{"embeddable":true,"href":"https:\/\/www.comunicatur.info\/es\/wp-json\/wp\/v2\/comments?post=11604"}],"version-history":[{"count":1,"href":"https:\/\/www.comunicatur.info\/es\/wp-json\/wp\/v2\/posts\/11604\/revisions"}],"predecessor-version":[{"id":11605,"href":"https:\/\/www.comunicatur.info\/es\/wp-json\/wp\/v2\/posts\/11604\/revisions\/11605"}],"wp:attachment":[{"href":"https:\/\/www.comunicatur.info\/es\/wp-json\/wp\/v2\/media?parent=11604"}],"wp:term":[{"taxonomy":"category","embeddable":true,"href":"https:\/\/www.comunicatur.info\/es\/wp-json\/wp\/v2\/categories?post=11604"},{"taxonomy":"post_tag","embeddable":true,"href":"https:\/\/www.comunicatur.info\/es\/wp-json\/wp\/v2\/tags?post=11604"}],"curies":[{"name":"wp","href":"https:\/\/api.w.org\/{rel}","templated":true}]}}