{"id":11511,"date":"2018-01-18T00:00:06","date_gmt":"2018-01-17T23:00:06","guid":{"rendered":"https:\/\/comunicatur.info\/?p=11511"},"modified":"2018-01-15T00:05:28","modified_gmt":"2018-01-14T23:05:28","slug":"el-turismo-ya-no-es-el-principal-problema-de-los-barceloneses","status":"publish","type":"post","link":"https:\/\/www.comunicatur.info\/es\/el-turismo-ya-no-es-el-principal-problema-de-los-barceloneses\/","title":{"rendered":"El turismo ya no es el principal problema de los barceloneses"},"content":{"rendered":"<p>En s\u00f3lo seis meses el turismo ha pasado de ser el problema m\u00e1s grave de los ciudadanos de Barcelona a ocupar la quinta posici\u00f3n, seg\u00fan el bar\u00f3metro del Ayuntamiento.<\/p>\n<p><!--more--><a href=\"https:\/\/www.comunicatur.info\/wp-content\/uploads\/2017\/08\/image1.jpg\"><img class=\"alignright size-medium wp-image-10757\" src=\"https:\/\/www.comunicatur.info\/wp-content\/uploads\/2017\/08\/image1-300x168.jpg\" alt=\"\" width=\"300\" height=\"168\" srcset=\"https:\/\/www.comunicatur.info\/wp-content\/uploads\/2017\/08\/image1-300x168.jpg 300w, https:\/\/www.comunicatur.info\/wp-content\/uploads\/2017\/08\/image1.jpg 576w\" sizes=\"(max-width: 300px) 100vw, 300px\" \/><\/a>En junio, por primera vez, <a href=\"https:\/\/www.comunicatur.info\/es\/turismo-por-primera-vez-el-problema-mas-grave-de-los-barceloneses\/\" target=\"_blank\" rel=\"noopener noreferrer\">el turismo se situ\u00f3 como primera preocupaci\u00f3n de los barceloneses<\/a> debido a la mala imagen que estaban trasladando del sector. La turismofobia estaba fuertemente instalada en la ciudad y la propuesta de hacer una gesti\u00f3n diferente del turismo era una necesidad.<\/p>\n<p>En aquel momento fueron un 19% de las personas encuestadas las que se\u00f1alaron el turismo como el principal problema en el bar\u00f3metro municipal. Ahora el porcentaje baja hasta el 7% y el turismo es la quinta preocupaci\u00f3n de los barceloneses, empatada con la gesti\u00f3n municipal.<\/p>\n<p>La situaci\u00f3n pol\u00edtica catalana y el encaje \u00abCatalu\u00f1a \/ Espa\u00f1a\u00bb ocupan la primera posici\u00f3n de las preocupaciones. La contaminaci\u00f3n atmosf\u00e9rica, el paro y las condiciones laborales tambi\u00e9n preocupan m\u00e1s que el turismo.<\/p>\n<p>Queda claro que la sobreexposici\u00f3n medi\u00e1tica en par\u00e1metros negativos a una tem\u00e1tica contribuye decisivamente a que sea percibida como problema. Hay que hacer una llamada a la responsabilidad de todos para evitar magnificar s\u00f3lo los aspectos negativos del turismo y ocultar sus beneficios. Se trata de una actividad a preservar por su impacto positivo sobre la econom\u00eda local.<\/p>\n","protected":false},"excerpt":{"rendered":"<p>En s\u00f3lo seis meses el turismo ha pasado de ser el problema m\u00e1s grave de los ciudadanos de Barcelona a ocupar la quinta posici\u00f3n, seg\u00fan el bar\u00f3metro del Ayuntamiento. En junio, por primera vez, el turismo se situ\u00f3 como primera preocupaci\u00f3n de los barceloneses debido a la mala imagen que estaban trasladando del sector. La &hellip;<\/p>\n","protected":false},"author":408,"featured_media":0,"comment_status":"closed","ping_status":"open","sticky":false,"template":"","format":"standard","meta":[],"categories":[62,74],"tags":[],"_links":{"self":[{"href":"https:\/\/www.comunicatur.info\/es\/wp-json\/wp\/v2\/posts\/11511"}],"collection":[{"href":"https:\/\/www.comunicatur.info\/es\/wp-json\/wp\/v2\/posts"}],"about":[{"href":"https:\/\/www.comunicatur.info\/es\/wp-json\/wp\/v2\/types\/post"}],"author":[{"embeddable":true,"href":"https:\/\/www.comunicatur.info\/es\/wp-json\/wp\/v2\/users\/408"}],"replies":[{"embeddable":true,"href":"https:\/\/www.comunicatur.info\/es\/wp-json\/wp\/v2\/comments?post=11511"}],"version-history":[{"count":1,"href":"https:\/\/www.comunicatur.info\/es\/wp-json\/wp\/v2\/posts\/11511\/revisions"}],"predecessor-version":[{"id":11512,"href":"https:\/\/www.comunicatur.info\/es\/wp-json\/wp\/v2\/posts\/11511\/revisions\/11512"}],"wp:attachment":[{"href":"https:\/\/www.comunicatur.info\/es\/wp-json\/wp\/v2\/media?parent=11511"}],"wp:term":[{"taxonomy":"category","embeddable":true,"href":"https:\/\/www.comunicatur.info\/es\/wp-json\/wp\/v2\/categories?post=11511"},{"taxonomy":"post_tag","embeddable":true,"href":"https:\/\/www.comunicatur.info\/es\/wp-json\/wp\/v2\/tags?post=11511"}],"curies":[{"name":"wp","href":"https:\/\/api.w.org\/{rel}","templated":true}]}}