{"id":11486,"date":"2018-01-22T00:00:39","date_gmt":"2018-01-21T23:00:39","guid":{"rendered":"https:\/\/comunicatur.info\/?p=11486"},"modified":"2018-01-12T21:47:00","modified_gmt":"2018-01-12T20:47:00","slug":"370-600-plazas-reguladas-en-apartamentos-y-viviendas-de-uso-turistico-en-cataluna","status":"publish","type":"post","link":"https:\/\/www.comunicatur.info\/es\/370-600-plazas-reguladas-en-apartamentos-y-viviendas-de-uso-turistico-en-cataluna\/","title":{"rendered":"370.600 plazas reguladas en apartamentos y viviendas de uso tur\u00edstico en Catalu\u00f1a"},"content":{"rendered":"<p>Desde 2012, inicio del proceso de regularizaci\u00f3n de los apartamentos y viviendas de uso tur\u00edstico regularizados de Catalu\u00f1a, se han legalizado 65.000 establecimientos. Este dato supone una regularizaci\u00f3n global de cerca de 370.600 plazas de alojamiento tur\u00edstico, el 74,1% del total de las plazas que calcula la Generalitat que conforma la oferta potencial de esta modalidad de alojamiento.<!--more--><\/p>\n<p>El Departamento de Empresa y Conocimiento ha abierto 1.079 expedientes sancionadores a propietarios y gestores de viviendas de uso tur\u00edstico no regularizados de toda Catalu\u00f1a. M\u00e1s del 85% de estos expedientes han acabado en la imposici\u00f3n de sanciones que oscilan entre los 3.001 y los 30.000 euros por los que ha recaudado m\u00e1s de 4 millones de euros (4.054.667,86 \u20ac).<\/p>\n<p>Distribuci\u00f3n territorial de los alojamientos regularizados en toda Catalu\u00f1a a finales de 2017:<\/p>\n<table width=\"94%\">\n<tbody>\n<tr>\n<td width=\"28%\"><\/td>\n<td colspan=\"4\" width=\"71%\">&nbsp;<\/td>\n<\/tr>\n<tr>\n<td width=\"28%\"><strong>SERVICIOS TERRITORIALES<\/strong><\/td>\n<td width=\"20%\"><strong>APARTAMENTOS TUR\u00cdSTICOS (APT)<\/strong><\/td>\n<td width=\"15%\"><strong>PLAZAS APTs<\/strong><\/td>\n<td width=\"22%\"><strong>VIVIENDAS DE USO TUR\u00cdSTICO (VUT)<\/strong><\/td>\n<td width=\"13%\"><strong>PLAZAS VUTs<\/strong><\/td>\n<\/tr>\n<tr>\n<td width=\"28%\">BARCELONA<\/td>\n<td width=\"20%\">62<\/td>\n<td width=\"15%\">3.128<\/td>\n<td width=\"22%\">16.480<\/td>\n<td width=\"13%\">90.640<\/td>\n<\/tr>\n<tr>\n<td width=\"28%\">CAT. CENTRAL<\/td>\n<td width=\"20%\">17<\/td>\n<td width=\"15%\">531<\/td>\n<td width=\"22%\">464<\/td>\n<td width=\"13%\">2.552<\/td>\n<\/tr>\n<tr>\n<td width=\"28%\">GIRONA<\/td>\n<td width=\"20%\">97<\/td>\n<td width=\"15%\">6.059<\/td>\n<td width=\"22%\">28.335<\/td>\n<td width=\"13%\">155.843<\/td>\n<\/tr>\n<tr>\n<td width=\"28%\">LLEIDA<\/td>\n<td width=\"20%\">24<\/td>\n<td width=\"15%\">563<\/td>\n<td width=\"22%\">1.227<\/td>\n<td width=\"13%\">6.749<\/td>\n<\/tr>\n<tr>\n<td width=\"28%\">TARRAGONA<\/td>\n<td width=\"20%\">27<\/td>\n<td width=\"15%\">3.585<\/td>\n<td width=\"22%\">14.217<\/td>\n<td width=\"13%\">78.194<\/td>\n<\/tr>\n<tr>\n<td width=\"28%\">TERRES DE L&#8217;EBRE<\/td>\n<td width=\"20%\">13<\/td>\n<td width=\"15%\">398<\/td>\n<td width=\"22%\">3.215<\/td>\n<td width=\"13%\">17.683<\/td>\n<\/tr>\n<tr>\n<td width=\"28%\">VAL D&#8217;ARAN<\/td>\n<td width=\"20%\">1<\/td>\n<td width=\"15%\">25<\/td>\n<td width=\"22%\">831<\/td>\n<td width=\"13%\">4.571<\/td>\n<\/tr>\n<tr>\n<td width=\"28%\"><strong>TOTALES<\/strong><\/td>\n<td width=\"20%\"><strong>241<\/strong><\/td>\n<td width=\"15%\"><strong>14.289<\/strong><\/td>\n<td width=\"22%\"><strong>64.769<\/strong><\/td>\n<td width=\"13%\"><strong>356.232<\/strong><\/td>\n<\/tr>\n<\/tbody>\n<\/table>\n","protected":false},"excerpt":{"rendered":"<p>Desde 2012, inicio del proceso de regularizaci\u00f3n de los apartamentos y viviendas de uso tur\u00edstico regularizados de Catalu\u00f1a, se han legalizado 65.000 establecimientos. Este dato supone una regularizaci\u00f3n global de cerca de 370.600 plazas de alojamiento tur\u00edstico, el 74,1% del total de las plazas que calcula la Generalitat que conforma la oferta potencial de esta &hellip;<\/p>\n","protected":false},"author":408,"featured_media":0,"comment_status":"closed","ping_status":"open","sticky":false,"template":"","format":"standard","meta":[],"categories":[59],"tags":[],"_links":{"self":[{"href":"https:\/\/www.comunicatur.info\/es\/wp-json\/wp\/v2\/posts\/11486"}],"collection":[{"href":"https:\/\/www.comunicatur.info\/es\/wp-json\/wp\/v2\/posts"}],"about":[{"href":"https:\/\/www.comunicatur.info\/es\/wp-json\/wp\/v2\/types\/post"}],"author":[{"embeddable":true,"href":"https:\/\/www.comunicatur.info\/es\/wp-json\/wp\/v2\/users\/408"}],"replies":[{"embeddable":true,"href":"https:\/\/www.comunicatur.info\/es\/wp-json\/wp\/v2\/comments?post=11486"}],"version-history":[{"count":2,"href":"https:\/\/www.comunicatur.info\/es\/wp-json\/wp\/v2\/posts\/11486\/revisions"}],"predecessor-version":[{"id":11488,"href":"https:\/\/www.comunicatur.info\/es\/wp-json\/wp\/v2\/posts\/11486\/revisions\/11488"}],"wp:attachment":[{"href":"https:\/\/www.comunicatur.info\/es\/wp-json\/wp\/v2\/media?parent=11486"}],"wp:term":[{"taxonomy":"category","embeddable":true,"href":"https:\/\/www.comunicatur.info\/es\/wp-json\/wp\/v2\/categories?post=11486"},{"taxonomy":"post_tag","embeddable":true,"href":"https:\/\/www.comunicatur.info\/es\/wp-json\/wp\/v2\/tags?post=11486"}],"curies":[{"name":"wp","href":"https:\/\/api.w.org\/{rel}","templated":true}]}}