{"id":11357,"date":"2017-12-18T00:00:18","date_gmt":"2017-12-17T23:00:18","guid":{"rendered":"https:\/\/comunicatur.info\/?p=11357"},"modified":"2017-12-14T17:55:31","modified_gmt":"2017-12-14T16:55:31","slug":"el-pasturismo-nueva-modalidad-de-turismo-en-las-comarcas-de-girona","status":"publish","type":"post","link":"https:\/\/www.comunicatur.info\/es\/el-pasturismo-nueva-modalidad-de-turismo-en-las-comarcas-de-girona\/","title":{"rendered":"El pasturismo, nueva modalidad de turismo en las comarcas de Girona"},"content":{"rendered":"<p>La Diputaci\u00f3n de Girona ha presentado una innovadora modalidad de turismo, sostenible y muy vivencial, <strong>el pasturismo<\/strong>. En realidad se trata de visitas a granjas o explotaciones agrarias donde trabajan pastores y ganaderos y donde el turista puede hacer una inmersi\u00f3n en los trabajos de la explotaci\u00f3n. Este tipo de turismo se dirige a visitantes m\u00e1s especializados que buscan una experiencia \u00fanica, vinculada al territorio, a su gente y a la gastronom\u00eda.<\/p>\n<p><!--more--><a href=\"https:\/\/www.comunicatur.info\/wp-content\/uploads\/2017\/12\/Granja-Mas-Marc\u00e8.Arxiu-PTCBG.jpg\"><img class=\"alignright size-medium wp-image-11352\" src=\"https:\/\/www.comunicatur.info\/wp-content\/uploads\/2017\/12\/Granja-Mas-Marc\u00e8.Arxiu-PTCBG-225x300.jpg\" alt=\"\" width=\"225\" height=\"300\" srcset=\"https:\/\/www.comunicatur.info\/wp-content\/uploads\/2017\/12\/Granja-Mas-Marc\u00e8.Arxiu-PTCBG-225x300.jpg 225w, https:\/\/www.comunicatur.info\/wp-content\/uploads\/2017\/12\/Granja-Mas-Marc\u00e8.Arxiu-PTCBG-768x1024.jpg 768w, https:\/\/www.comunicatur.info\/wp-content\/uploads\/2017\/12\/Granja-Mas-Marc\u00e8.Arxiu-PTCBG-600x800.jpg 600w\" sizes=\"(max-width: 225px) 100vw, 225px\" \/><\/a>La presentaci\u00f3n del nuevo producto fue a cargo del presidente de la Diputaci\u00f3n de Girona y del Patronato de Turismo Costa Brava Girona, Pere Vila y se bas\u00f3 en un extenso estudio realizado por las doctoras en geograf\u00eda y medio ambiente Neus Monllor y Emma Soy. Tambi\u00e9n estuvo presente Joan Bassets, presidente del programa \u201cVisita Granges\u201d y responsable de Ecogarrotxa.<\/p>\n<p>El pasturismo como producto tur\u00edstico ha tenido un largo recorrido, iniciado en 2015, cuando el Patronato de Turismo impuls\u00f3 la beca de investigaci\u00f3n tur\u00edstica Ivette Barbaza a un estudio sobre el pasturismo. Este estudio, titulado \u201c<em>\u201cEl pasturisme: un producte tur\u00edstic nou per a les comarques gironines? An\u00e0lisi de recursos i propostes de futur\u201d<\/em>, eval\u00faa la viabilidad del producto, con tres objetivos principales:<\/p>\n<p>\u2022 reforzar los v\u00ednculos entre las microempresas locales (agrarias, gastron\u00f3micas y tur\u00edsticas)<br \/>\n\u2022 incrementar las opciones de generar nuevos ingresos a los sectores agr\u00edcola y ganadero gracias al turismo<br \/>\n\u2022 posicionar la Costa Brava y el Pirineo de Girona como el primer destino que ofrece este producto tur\u00edstico<\/p>\n<p><strong>Un extenso trabajo<\/strong><br \/>\nLas doctoras Neus Monllor y Emma Soy llevaron a t\u00e9rmino su trabajo durante todo el a\u00f1o 2016 y revisaron experiencias vivenciales de otros destinos, como el Pa\u00eds Vasco. los Alpes italianos o Nueva Zelanda, pero tambi\u00e9n los programas catalanes \u201cBenvinguts a pag\u00e8s\u201d, \u201cVisita granges\u201d o \u201cVine a pag\u00e8s!, experi\u00e8ncies agrotur\u00edstiques al Ripoll\u00e8s, Pirineu de Girona\u201d. Adem\u00e1s han entrevistado a turistas que han realizado experiencias en este sentido y tambi\u00e9n han hablado con agentes estrat\u00e9gicos, actores p\u00fablicos y privados locales. Con toda la informaci\u00f3n han elaborado una propuesta de desarrollo de un plan de implementaci\u00f3n en las comarcas de Girona.<br \/>\nTambi\u00e9n han podido hacer un primer perfil del turista interesado en este producto, resultando ser en un 94% un cliente familiar o grupo de amigos; una edad entre 40 y 60 a\u00f1os y solamente un 20% tiene estudios universitarios.<\/p>\n<p>En la presentaci\u00f3n del producto, Pere Vila dijo que \u00abel <em>pasturismo <\/em>es un producto tur\u00edstico que reivindica el territorio y crea v\u00ednculos y sinergias socioecon\u00f3micas entre empresas del territorio, a la vez que favorece que el turista que llega a la Costa Brava y al Pirineo de Girona pueda gozar de una experiencia aut\u00e9ntica, \u00fanica y vital\u00bb.<\/p>\n<p><a href=\"http:\/\/premisg.costabrava.org\/wp-content\/uploads\/2017\/11\/02_YbetteBarbaza_Pasturisme_issu.pdf\" target=\"_blank\" rel=\"noopener noreferrer\"><em>Quiero leer el estudio<\/em><\/a><\/p>\n","protected":false},"excerpt":{"rendered":"<p>La Diputaci\u00f3n de Girona ha presentado una innovadora modalidad de turismo, sostenible y muy vivencial, el pasturismo. En realidad se trata de visitas a granjas o explotaciones agrarias donde trabajan pastores y ganaderos y donde el turista puede hacer una inmersi\u00f3n en los trabajos de la explotaci\u00f3n. Este tipo de turismo se dirige a visitantes &hellip;<\/p>\n","protected":false},"author":408,"featured_media":0,"comment_status":"closed","ping_status":"open","sticky":false,"template":"","format":"standard","meta":[],"categories":[62],"tags":[],"_links":{"self":[{"href":"https:\/\/www.comunicatur.info\/es\/wp-json\/wp\/v2\/posts\/11357"}],"collection":[{"href":"https:\/\/www.comunicatur.info\/es\/wp-json\/wp\/v2\/posts"}],"about":[{"href":"https:\/\/www.comunicatur.info\/es\/wp-json\/wp\/v2\/types\/post"}],"author":[{"embeddable":true,"href":"https:\/\/www.comunicatur.info\/es\/wp-json\/wp\/v2\/users\/408"}],"replies":[{"embeddable":true,"href":"https:\/\/www.comunicatur.info\/es\/wp-json\/wp\/v2\/comments?post=11357"}],"version-history":[{"count":3,"href":"https:\/\/www.comunicatur.info\/es\/wp-json\/wp\/v2\/posts\/11357\/revisions"}],"predecessor-version":[{"id":11360,"href":"https:\/\/www.comunicatur.info\/es\/wp-json\/wp\/v2\/posts\/11357\/revisions\/11360"}],"wp:attachment":[{"href":"https:\/\/www.comunicatur.info\/es\/wp-json\/wp\/v2\/media?parent=11357"}],"wp:term":[{"taxonomy":"category","embeddable":true,"href":"https:\/\/www.comunicatur.info\/es\/wp-json\/wp\/v2\/categories?post=11357"},{"taxonomy":"post_tag","embeddable":true,"href":"https:\/\/www.comunicatur.info\/es\/wp-json\/wp\/v2\/tags?post=11357"}],"curies":[{"name":"wp","href":"https:\/\/api.w.org\/{rel}","templated":true}]}}