{"id":11281,"date":"2017-12-15T00:00:38","date_gmt":"2017-12-14T23:00:38","guid":{"rendered":"https:\/\/comunicatur.info\/?p=11281"},"modified":"2017-12-12T19:33:03","modified_gmt":"2017-12-12T18:33:03","slug":"level-conectara-barcelona-con-boston-y-aerolineas-argentinas-cierra-el-buenos-aires","status":"publish","type":"post","link":"https:\/\/www.comunicatur.info\/es\/level-conectara-barcelona-con-boston-y-aerolineas-argentinas-cierra-el-buenos-aires\/","title":{"rendered":"Level conectar\u00e1 Barcelona con Boston y Aerol\u00edneas Argentinas cierra el Buenos Aires"},"content":{"rendered":"<p>El aeropuerto de El Prat ha recibido una gran noticia con el anuncio de la compa\u00f1\u00eda de bajo coste Level, del grupo IAG, de abrir un vuelo directo con Boston con tres frecuencias semanales a partir del pr\u00f3ximo marzo.<\/p>\n<p><!--more--><img src=\"https:\/\/www.comunicatur.info\/wp-content\/uploads\/2017\/03\/Level-300x169.jpg\" alt=\"\" width=\"300\" height=\"169\" class=\"alignright size-medium wp-image-9949\" srcset=\"https:\/\/www.comunicatur.info\/wp-content\/uploads\/2017\/03\/Level-300x169.jpg 300w, https:\/\/www.comunicatur.info\/wp-content\/uploads\/2017\/03\/Level-768x432.jpg 768w, https:\/\/www.comunicatur.info\/wp-content\/uploads\/2017\/03\/Level-600x338.jpg 600w, https:\/\/www.comunicatur.info\/wp-content\/uploads\/2017\/03\/Level.jpg 992w\" sizes=\"(max-width: 300px) 100vw, 300px\" \/>Adem\u00e1s ampliar\u00e1 en la temporada de verano las conexiones del Prat con otros destinos y reforzar\u00e1 la de Buenos Aires, la m\u00e1s rentable de la compa\u00f1\u00eda desde Barcelona. Precisamente Aerol\u00edneas Argentinas hab\u00eda anunciado que dejar\u00eda de operar esta ruta. A partir del 1 de febrero Aerol\u00edneas s\u00f3lo mantendr\u00e1 conexiones con Madrid.<\/p>\n<p>En un futuro Level, que naci\u00f3 para cubrir el largo radio de IAG en formato low cost, estudia abrir vuelos con Tokio que se sumar\u00edan al anunciado de Boston y los actuales de San Francisco, Los \u00c1ngeles, Buenos Aires y Punta Cana ( Rep. Dominicana).<\/p>\n<p>Level comenz\u00f3 a operar en el mes de junio y en un a\u00f1o podr\u00eda ser rentable. Seg\u00fan IAG la ocupaci\u00f3n de las rutas del Prat supera el 90%.<\/p>\n","protected":false},"excerpt":{"rendered":"<p>El aeropuerto de El Prat ha recibido una gran noticia con el anuncio de la compa\u00f1\u00eda de bajo coste Level, del grupo IAG, de abrir un vuelo directo con Boston con tres frecuencias semanales a partir del pr\u00f3ximo marzo. Adem\u00e1s ampliar\u00e1 en la temporada de verano las conexiones del Prat con otros destinos y reforzar\u00e1 &hellip;<\/p>\n","protected":false},"author":1,"featured_media":0,"comment_status":"closed","ping_status":"open","sticky":false,"template":"","format":"standard","meta":[],"categories":[61,65],"tags":[],"_links":{"self":[{"href":"https:\/\/www.comunicatur.info\/es\/wp-json\/wp\/v2\/posts\/11281"}],"collection":[{"href":"https:\/\/www.comunicatur.info\/es\/wp-json\/wp\/v2\/posts"}],"about":[{"href":"https:\/\/www.comunicatur.info\/es\/wp-json\/wp\/v2\/types\/post"}],"author":[{"embeddable":true,"href":"https:\/\/www.comunicatur.info\/es\/wp-json\/wp\/v2\/users\/1"}],"replies":[{"embeddable":true,"href":"https:\/\/www.comunicatur.info\/es\/wp-json\/wp\/v2\/comments?post=11281"}],"version-history":[{"count":1,"href":"https:\/\/www.comunicatur.info\/es\/wp-json\/wp\/v2\/posts\/11281\/revisions"}],"predecessor-version":[{"id":11282,"href":"https:\/\/www.comunicatur.info\/es\/wp-json\/wp\/v2\/posts\/11281\/revisions\/11282"}],"wp:attachment":[{"href":"https:\/\/www.comunicatur.info\/es\/wp-json\/wp\/v2\/media?parent=11281"}],"wp:term":[{"taxonomy":"category","embeddable":true,"href":"https:\/\/www.comunicatur.info\/es\/wp-json\/wp\/v2\/categories?post=11281"},{"taxonomy":"post_tag","embeddable":true,"href":"https:\/\/www.comunicatur.info\/es\/wp-json\/wp\/v2\/tags?post=11281"}],"curies":[{"name":"wp","href":"https:\/\/api.w.org\/{rel}","templated":true}]}}