{"id":11258,"date":"2017-12-05T00:00:22","date_gmt":"2017-12-04T22:00:22","guid":{"rendered":"https:\/\/comunicatur.info\/?p=11258"},"modified":"2017-12-05T12:48:51","modified_gmt":"2017-12-05T11:48:51","slug":"la-ocupacion-de-los-pirineos-catalanes-es-del-80-de-media-para-el-puente-de-diciembre","status":"publish","type":"post","link":"https:\/\/www.comunicatur.info\/es\/la-ocupacion-de-los-pirineos-catalanes-es-del-80-de-media-para-el-puente-de-diciembre\/","title":{"rendered":"La ocupaci\u00f3n de los Pirineos catalanes es del 80% de media para el puente de diciembre"},"content":{"rendered":"<p>Esta semana del puente de la Constituci\u00f3n y la Pur\u00edsima las zonas de monta\u00f1a de los Pirineos catalanes, tanto en Lleida como en Girona, tendr\u00e1n una ocupaci\u00f3n media del 80%. Se trata de una buena afluencia de visitantes que animados por el fr\u00edo se desplazar\u00e1n a las zonas de esqu\u00ed que obtendr\u00e1n unos buenos resultados.<\/p>\n<p><!--more-->Otros destinos tur\u00edsticos de interior o de costa, que tienen una parte importante de la planta hotelera cerrada, tendr\u00e1n porcentajes bastante por debajo de la del de los Pirineos. Para el sector rural, este puente de diciembre es de los m\u00e1s fuertes del a\u00f1o y encara estos d\u00edas con unas previsiones de ocupaci\u00f3n que pueden llegar al 100%. En la Costa Dorada central, seg\u00fan la Federaci\u00f3n de Empresarios de Hosteler\u00eda y Turismo de la provincia de Tarragona, tienen un 20% de establecimientos abiertos para estas fechas, y esperan llegar a un 85% de ocupaci\u00f3n, del 6 al 10 de diciembre.<\/p>\n<p>En el caso del turismo urbano, como la ciudad de Girona, la ocupaci\u00f3n rondar\u00e1 el 60%. La ciudad de Barcelona tendr\u00e1 una situaci\u00f3n diferente. El Gremio de Hoteles de Barcelona prev\u00e9 que la ocupaci\u00f3n en los establecimientos ser\u00e1 del 45%, quince puntos porcentuales por debajo de la registrada el a\u00f1o pasado.<\/p>\n<p>Por estas fechas el cliente que llega a los establecimientos catalanes es b\u00e1sicamente un turista interno, formado por parejas y familias.<\/p>\n<p>Por su parte, la Asociaci\u00f3n Catalana de Agencias de Viajes (ACAVe) ha detectado una mayor reactivaci\u00f3n de la demanda hacia el exterior y calcula que las reservas durante el Puente se incrementar\u00e1n un 5%. Las capitales europeas de Berl\u00edn, Londres, Roma, Praga y Viena son las m\u00e1s demandadas.<\/p>\n","protected":false},"excerpt":{"rendered":"<p>Esta semana del puente de la Constituci\u00f3n y la Pur\u00edsima las zonas de monta\u00f1a de los Pirineos catalanes, tanto en Lleida como en Girona, tendr\u00e1n una ocupaci\u00f3n media del 80%. Se trata de una buena afluencia de visitantes que animados por el fr\u00edo se desplazar\u00e1n a las zonas de esqu\u00ed que obtendr\u00e1n unos buenos resultados. &hellip;<\/p>\n","protected":false},"author":1,"featured_media":0,"comment_status":"closed","ping_status":"open","sticky":false,"template":"","format":"standard","meta":[],"categories":[62,74],"tags":[],"_links":{"self":[{"href":"https:\/\/www.comunicatur.info\/es\/wp-json\/wp\/v2\/posts\/11258"}],"collection":[{"href":"https:\/\/www.comunicatur.info\/es\/wp-json\/wp\/v2\/posts"}],"about":[{"href":"https:\/\/www.comunicatur.info\/es\/wp-json\/wp\/v2\/types\/post"}],"author":[{"embeddable":true,"href":"https:\/\/www.comunicatur.info\/es\/wp-json\/wp\/v2\/users\/1"}],"replies":[{"embeddable":true,"href":"https:\/\/www.comunicatur.info\/es\/wp-json\/wp\/v2\/comments?post=11258"}],"version-history":[{"count":4,"href":"https:\/\/www.comunicatur.info\/es\/wp-json\/wp\/v2\/posts\/11258\/revisions"}],"predecessor-version":[{"id":11267,"href":"https:\/\/www.comunicatur.info\/es\/wp-json\/wp\/v2\/posts\/11258\/revisions\/11267"}],"wp:attachment":[{"href":"https:\/\/www.comunicatur.info\/es\/wp-json\/wp\/v2\/media?parent=11258"}],"wp:term":[{"taxonomy":"category","embeddable":true,"href":"https:\/\/www.comunicatur.info\/es\/wp-json\/wp\/v2\/categories?post=11258"},{"taxonomy":"post_tag","embeddable":true,"href":"https:\/\/www.comunicatur.info\/es\/wp-json\/wp\/v2\/tags?post=11258"}],"curies":[{"name":"wp","href":"https:\/\/api.w.org\/{rel}","templated":true}]}}