{"id":11235,"date":"2017-12-04T00:00:21","date_gmt":"2017-12-03T22:00:21","guid":{"rendered":"https:\/\/comunicatur.info\/?p=11235"},"modified":"2017-11-30T16:49:51","modified_gmt":"2017-11-30T14:49:51","slug":"som-cultura-el-festival-de-girona-se-consolida-en-solo-dos-ediciones","status":"publish","type":"post","link":"https:\/\/www.comunicatur.info\/es\/som-cultura-el-festival-de-girona-se-consolida-en-solo-dos-ediciones\/","title":{"rendered":"Som Cultura, el festival  de Girona, se consolida en solo dos ediciones"},"content":{"rendered":"<p>El festival de las experiencias culturales de las comarcas de Girona, que lleva el nombre de <em>Som Cultura<\/em>, acaba de cerrar su segunda edici\u00f3n con un gran \u00e9xito y convirtiendo el mes de noviembre en un referente cultural. As\u00ed lo demuestran las cifras: una sesentena de actividades en cuarenta municipios, un nivel de ocupaci\u00f3n del 66,1% y una participaci\u00f3n que ha superado en un 16% a la del a\u00f1o pasado en que se celebr\u00f3 la primera edici\u00f3n. Si a los datos a\u00f1adimos las especiales circunstancias de este a\u00f1o, el \u00e9xito a\u00fan tiene una dimensi\u00f3n mayor. <\/p>\n<p><!--more--><img src=\"https:\/\/www.comunicatur.info\/wp-content\/uploads\/2017\/11\/InstaCultura.Som-Cultura2018.X\u00e8nia-Gasull.-Arxiu-PTCBG-300x200.jpg\" alt=\"\" width=\"300\" height=\"200\" class=\"alignright size-medium wp-image-11231\" srcset=\"https:\/\/www.comunicatur.info\/wp-content\/uploads\/2017\/11\/InstaCultura.Som-Cultura2018.X\u00e8nia-Gasull.-Arxiu-PTCBG-300x200.jpg 300w, https:\/\/www.comunicatur.info\/wp-content\/uploads\/2017\/11\/InstaCultura.Som-Cultura2018.X\u00e8nia-Gasull.-Arxiu-PTCBG-768x512.jpg 768w, https:\/\/www.comunicatur.info\/wp-content\/uploads\/2017\/11\/InstaCultura.Som-Cultura2018.X\u00e8nia-Gasull.-Arxiu-PTCBG-1024x683.jpg 1024w, https:\/\/www.comunicatur.info\/wp-content\/uploads\/2017\/11\/InstaCultura.Som-Cultura2018.X\u00e8nia-Gasull.-Arxiu-PTCBG-600x400.jpg 600w, https:\/\/www.comunicatur.info\/wp-content\/uploads\/2017\/11\/InstaCultura.Som-Cultura2018.X\u00e8nia-Gasull.-Arxiu-PTCBG.jpg 1200w\" sizes=\"(max-width: 300px) 100vw, 300px\" \/>El festival, impulsado por el Club de marketing de Cultura e Identidad del Patronato de Turismo Costa Brava Girona de la Diputaci\u00f3n de Girona, ha tenido dos importantes novedades: centrarse en cuatro fines de semana y la agrupaci\u00f3n por tem\u00e1ticas: <em>Som Cultura Familiar, Som Cultura Popular, Som Cultura Activa y Som Cultura Patrimonial.<\/em> Para el director del Patronato de Turismo, Ramon Ramos, \u201cha sido un acierto reformular el festival y dividirlo por tem\u00e1ticas y por fines de semana, ya que as\u00ed nos hemos podido dirigir de manera segmentada a diferentes tipos de p\u00fablico.\u201d <\/p>\n<p><strong>Diversidad de la oferta<\/strong><br \/>\nEntre la sesentena de actividades, han destacado, por la presencia de participantes, los siguientes:<br \/>\n&#8211; la marat\u00f3n de talleres infantiles de los museos de Girona, celebrada en la plaza de la Constituci\u00f3n de la ciudad<br \/>\n&#8211; el concierto de Carles&#038;Sofia Piano Duo celebrado en la catedral de Girona<br \/>\n&#8211; el encuentro de instagramers sobre la Figueres de Salvador Dal\u00ed<br \/>\n&#8211; la visita guiada sobre historias y leyendas de Torroella de Montgr\u00ed<\/p>\n<p><img src=\"https:\/\/www.comunicatur.info\/wp-content\/uploads\/2017\/11\/Visita-a-Darnius.MUMEX\u00e8nia-Gasull.-Arxiu-PTCBG-300x200.jpg\" alt=\"\" width=\"300\" height=\"200\" class=\"alignright size-medium wp-image-11232\" srcset=\"https:\/\/www.comunicatur.info\/wp-content\/uploads\/2017\/11\/Visita-a-Darnius.MUMEX\u00e8nia-Gasull.-Arxiu-PTCBG-300x200.jpg 300w, https:\/\/www.comunicatur.info\/wp-content\/uploads\/2017\/11\/Visita-a-Darnius.MUMEX\u00e8nia-Gasull.-Arxiu-PTCBG-768x512.jpg 768w, https:\/\/www.comunicatur.info\/wp-content\/uploads\/2017\/11\/Visita-a-Darnius.MUMEX\u00e8nia-Gasull.-Arxiu-PTCBG-1024x683.jpg 1024w, https:\/\/www.comunicatur.info\/wp-content\/uploads\/2017\/11\/Visita-a-Darnius.MUMEX\u00e8nia-Gasull.-Arxiu-PTCBG-600x400.jpg 600w, https:\/\/www.comunicatur.info\/wp-content\/uploads\/2017\/11\/Visita-a-Darnius.MUMEX\u00e8nia-Gasull.-Arxiu-PTCBG.jpg 1200w\" sizes=\"(max-width: 300px) 100vw, 300px\" \/>Pero el \u00e9xito tambi\u00e9n se mide por otras cosas y aqu\u00ed destacan una veintena de actividades que agotaron las plazas disponibles o alguna propuesta que seguir\u00e1 program\u00e1ndose m\u00e1s all\u00e1 del festival, como es el caso de <em>\u201cFuita evasi\u00f3 Pirineus\u201d<\/em>, una marcha nocturna entre el Ripoll\u00e8s y el Alto Vallespir que sigue los caminos del exilio republicano. Inaugurada durante el festival, ya tiene programadas otras fechas de salida debido a la buena acogida de esta propuesta plenamente emocional.<\/p>\n","protected":false},"excerpt":{"rendered":"<p>El festival de las experiencias culturales de las comarcas de Girona, que lleva el nombre de Som Cultura, acaba de cerrar su segunda edici\u00f3n con un gran \u00e9xito y convirtiendo el mes de noviembre en un referente cultural. As\u00ed lo demuestran las cifras: una sesentena de actividades en cuarenta municipios, un nivel de ocupaci\u00f3n del &hellip;<\/p>\n","protected":false},"author":1,"featured_media":0,"comment_status":"closed","ping_status":"open","sticky":false,"template":"","format":"standard","meta":[],"categories":[62],"tags":[],"_links":{"self":[{"href":"https:\/\/www.comunicatur.info\/es\/wp-json\/wp\/v2\/posts\/11235"}],"collection":[{"href":"https:\/\/www.comunicatur.info\/es\/wp-json\/wp\/v2\/posts"}],"about":[{"href":"https:\/\/www.comunicatur.info\/es\/wp-json\/wp\/v2\/types\/post"}],"author":[{"embeddable":true,"href":"https:\/\/www.comunicatur.info\/es\/wp-json\/wp\/v2\/users\/1"}],"replies":[{"embeddable":true,"href":"https:\/\/www.comunicatur.info\/es\/wp-json\/wp\/v2\/comments?post=11235"}],"version-history":[{"count":1,"href":"https:\/\/www.comunicatur.info\/es\/wp-json\/wp\/v2\/posts\/11235\/revisions"}],"predecessor-version":[{"id":11236,"href":"https:\/\/www.comunicatur.info\/es\/wp-json\/wp\/v2\/posts\/11235\/revisions\/11236"}],"wp:attachment":[{"href":"https:\/\/www.comunicatur.info\/es\/wp-json\/wp\/v2\/media?parent=11235"}],"wp:term":[{"taxonomy":"category","embeddable":true,"href":"https:\/\/www.comunicatur.info\/es\/wp-json\/wp\/v2\/categories?post=11235"},{"taxonomy":"post_tag","embeddable":true,"href":"https:\/\/www.comunicatur.info\/es\/wp-json\/wp\/v2\/tags?post=11235"}],"curies":[{"name":"wp","href":"https:\/\/api.w.org\/{rel}","templated":true}]}}