{"id":11202,"date":"2017-11-28T00:00:23","date_gmt":"2017-11-27T22:00:23","guid":{"rendered":"https:\/\/comunicatur.info\/?p=11202"},"modified":"2017-11-27T15:24:57","modified_gmt":"2017-11-27T13:24:57","slug":"galardones-del-turismo-de-cataluna-2017","status":"publish","type":"post","link":"https:\/\/www.comunicatur.info\/es\/galardones-del-turismo-de-cataluna-2017\/","title":{"rendered":"Galardones del Turismo de Catalu\u00f1a 2017"},"content":{"rendered":"<p>El director general de Turismo, Octavi Bono, y el director de la Agencia Catalana de Turismo Xavier Espasa, han entregado los Galardones del Turismo de Catalu\u00f1a 2017 que otorga la Generalitat en reconocimiento a las empresas, organismos e instituciones del sector tur\u00edstico catal\u00e1n que han destacado durante el a\u00f1o en diferentes \u00e1mbitos.<img src=\"https:\/\/www.comunicatur.info\/wp-content\/uploads\/2017\/11\/GuardonsTurisme2017-300x196.jpg\" alt=\"\" width=\"300\" height=\"196\" class=\"alignright size-medium wp-image-11197\" \/><\/p>\n<p>En esta edici\u00f3n los premiados han sido:<\/p>\n<p><strong>El Parque Natural de la Zona Volc\u00e1nica de la Garrotxa<\/strong> (Garrotxa), en la categor\u00eda de <em>\u00abTurismo responsable\u00bb<\/em>. El Parque Natural de la Zona Volc\u00e1nica de la Garrotxa inici\u00f3 su labor para el impulso del turismo sostenible en 2001 a partir de su adhesi\u00f3n a la Carta Europea de Turismo Sostenible (CETS), que otorga la Federaci\u00f3n Europarc, y que acredita que un territorio dispone de una estrategia en turismo que cumple unas pautas de sostenibilidad. Fue uno de los cinco espacios pioneros en Europa en conseguir la CETS. Desde entonces el parque sigue trabajando para renovar esta certificaci\u00f3n cada cinco a\u00f1os.<\/p>\n<p><strong>Facultad de Turismo de la Universidad de Girona por el proyecto Erasmus Mundus \u00abEuropean Master in Tourism Management-EMTM\u00bb<\/strong> (Girona), en la categor\u00eda de <em>\u00abMejor proyecto de conocimiento e investigaci\u00f3n referido al sector tur\u00edstico\u00bb<\/em>. El proyecto EMTM, que celebra este a\u00f1o el 10\u00ba aniversario de su creaci\u00f3n, tiene como objetivos mejorar la calidad de la educaci\u00f3n superior en turismo; desarrollar los recursos humanos y la proyecci\u00f3n y cooperaci\u00f3n internacional de instituciones de educaci\u00f3n superior; y promover el di\u00e1logo entre personas e instituciones de diferentes culturas y pa\u00edses de dentro y fuera de la Uni\u00f3n Europea.<\/p>\n<p><strong>Advanced Leisure Services (ALS) por el proyecto \u00abPalau Moja. The Catalan Heritage House\u201d<\/strong> (Barcelona), en la categor\u00eda de <em>\u00abInnovaci\u00f3n en acciones promocionales y comercializaci\u00f3n\u00bb<\/em>. Este proyecto naci\u00f3 fruto de la colaboraci\u00f3n p\u00fablicoprivada y se convirti\u00f3 en un referente en la forma de dar a conocer y vender el territorio y los recursos de Catalu\u00f1a, incorporando la sostenibilidad y la tecnolog\u00eda como ejes fundamentales de su posicionamiento. El Palau Moja fue el primer Visitor&#8217;s Center 360\u00ba de Catalu\u00f1a.<\/p>\n<p><strong>Naturalwalks<\/strong> (Arb\u00facies, Girona) en la categor\u00eda de <em>\u00abMejor experiencia tur\u00edstica\u00bb<\/em>. La empresa propone un paseo por el entorno natural de los paisajes de vi\u00f1edos m\u00e1s emblem\u00e1ticos de Catalu\u00f1a, acompa\u00f1ados de un especialista en gastrobot\u00e1nica para descubrir las hierbas y flores arom\u00e1ticas, y un sumiller que muestra c\u00f3mo detectar los matices que produce la combinaci\u00f3n de los vinos -principalmente de producci\u00f3n ecol\u00f3gica- con las flores silvestres. La actividad transmite a los visitantes los valores de la naturaleza y la importancia de su conservaci\u00f3n.<\/p>\n<p>El jurado ha destacado tambi\u00e9n los proyectos de otras empresas y entidades que han resultado finalistas:<\/p>\n<p>-Finalista en \u201cTurismo responsable\u201d: <strong>Asociaci\u00f3n de Apartamentos Tur\u00edsticos de Barcelona &#8211; APARTUR<\/strong> (Barcelona).<\/p>\n<p>-Finalista en \u201cMejor proyecto de conocimiento e investigaci\u00f3n referido al sector tur\u00edstico\u201d: <strong>Jos\u00e9 Antonio P\u00e9rez-Aranda Canela<\/strong> (Barcelona).<\/p>\n<p>-Finalista en \u201cInnovaci\u00f3n en acciones promocionales y comercializaci\u00f3n\u201d: <strong>Visit Empordanet<\/strong> (La Bisbal; Forallac; Cruilles; Cor\u00e7\u00e0; y Ullastret, Girona).<\/p>\n<p>-Finalista en \u201cMejor experiencia tur\u00edstica\u201d: <strong>Fundaci\u00f3n Cardona Hist\u00f3rica<\/strong> (Cardona, Barcelona).<\/p>\n","protected":false},"excerpt":{"rendered":"<p>El director general de Turismo, Octavi Bono, y el director de la Agencia Catalana de Turismo Xavier Espasa, han entregado los Galardones del Turismo de Catalu\u00f1a 2017 que otorga la Generalitat en reconocimiento a las empresas, organismos e instituciones del sector tur\u00edstico catal\u00e1n que han destacado durante el a\u00f1o en diferentes \u00e1mbitos. En esta edici\u00f3n &hellip;<\/p>\n","protected":false},"author":1,"featured_media":0,"comment_status":"closed","ping_status":"open","sticky":false,"template":"","format":"standard","meta":[],"categories":[61],"tags":[],"_links":{"self":[{"href":"https:\/\/www.comunicatur.info\/es\/wp-json\/wp\/v2\/posts\/11202"}],"collection":[{"href":"https:\/\/www.comunicatur.info\/es\/wp-json\/wp\/v2\/posts"}],"about":[{"href":"https:\/\/www.comunicatur.info\/es\/wp-json\/wp\/v2\/types\/post"}],"author":[{"embeddable":true,"href":"https:\/\/www.comunicatur.info\/es\/wp-json\/wp\/v2\/users\/1"}],"replies":[{"embeddable":true,"href":"https:\/\/www.comunicatur.info\/es\/wp-json\/wp\/v2\/comments?post=11202"}],"version-history":[{"count":1,"href":"https:\/\/www.comunicatur.info\/es\/wp-json\/wp\/v2\/posts\/11202\/revisions"}],"predecessor-version":[{"id":11203,"href":"https:\/\/www.comunicatur.info\/es\/wp-json\/wp\/v2\/posts\/11202\/revisions\/11203"}],"wp:attachment":[{"href":"https:\/\/www.comunicatur.info\/es\/wp-json\/wp\/v2\/media?parent=11202"}],"wp:term":[{"taxonomy":"category","embeddable":true,"href":"https:\/\/www.comunicatur.info\/es\/wp-json\/wp\/v2\/categories?post=11202"},{"taxonomy":"post_tag","embeddable":true,"href":"https:\/\/www.comunicatur.info\/es\/wp-json\/wp\/v2\/tags?post=11202"}],"curies":[{"name":"wp","href":"https:\/\/api.w.org\/{rel}","templated":true}]}}