{"id":11173,"date":"2017-11-20T00:00:16","date_gmt":"2017-11-19T22:00:16","guid":{"rendered":"https:\/\/comunicatur.info\/?p=11173"},"modified":"2017-11-19T19:15:02","modified_gmt":"2017-11-19T17:15:02","slug":"el-aeropuerto-de-barcelona-dispara-las-plazas-este-invierno","status":"publish","type":"post","link":"https:\/\/www.comunicatur.info\/es\/el-aeropuerto-de-barcelona-dispara-las-plazas-este-invierno\/","title":{"rendered":"El aeropuerto de Barcelona dispara las plazas este invierno"},"content":{"rendered":"<p>Las compa\u00f1\u00edas a\u00e9reas que operan en el aeropuerto del Prat ofrecer\u00e1n un 13,4% m\u00e1s de plazas esta temporada de invierno. En total ser\u00e1n casi 21 millones de asientos, seg\u00fan datos facilitados por Aena.<\/p>\n<p><!--more--><img src=\"https:\/\/www.comunicatur.info\/wp-content\/uploads\/2008\/08\/fingerPrat-300x133.gif\" alt=\"\" width=\"300\" height=\"133\" class=\"alignright size-medium wp-image-543\" srcset=\"https:\/\/www.comunicatur.info\/wp-content\/uploads\/2008\/08\/fingerPrat-300x133.gif 300w, https:\/\/www.comunicatur.info\/wp-content\/uploads\/2008\/08\/fingerPrat.gif 405w\" sizes=\"(max-width: 300px) 100vw, 300px\" \/>La evoluci\u00f3n del aeropuerto de Barcelona es muy positiva, por encima de la media de crecimiento del conjunto de la red de aeropuertos estatal que se sit\u00faa en el 11%. Incluso Barcelona crecer\u00e1 el doble que Madrid-Barajas que tiene previsto este invierno ofertar 26 millones de plazas, lo que supondr\u00eda un aumento del 7% respecto al mismo per\u00edodo del a\u00f1o anterior.<\/p>\n<p>El Prat apunta a un a\u00f1o r\u00e9cord. El primer paso es la programaci\u00f3n de plazas, que no quiere decir que se materialicen en viajeros, pero es un primer s\u00edntoma de la confianza en el destino. En lo que va de a\u00f1o el aeropuerto barcelon\u00e9s est\u00e1 creciendo en viajeros reales del orden del 7,7%.<\/p>\n<p>Vueling ser\u00e1 la compa\u00f1\u00eda que m\u00e1s contribuya estos meses al crecimiento de la oferta de plazas en El Prat. Pondr\u00e1 a disposici\u00f3n de los viajeros 7,5 millones de asientos, un 19% m\u00e1s que el invierno pasado. Ryanair tambi\u00e9n est\u00e1 en expansi\u00f3n en Barcelona con nuevas rutas. Quien no llevar\u00e1 el mismo signo positivo es Norwegian. La n\u00f3rdica bajar\u00e1 un 18% los asientos ofertados por la eliminaci\u00f3n de algunas conexiones internas como la de Bilbao o Palma.<\/p>\n<p>Con estas previsiones se constata que las aerol\u00edneas no temen un descenso de la demanda en Barcelona. En sus previsiones no contemplan afectaciones provocadas por parte del atentado de agosto o la situaci\u00f3n pol\u00edtica catalana.<img src=\"https:\/\/www.comunicatur.info\/wp-content\/uploads\/2017\/11\/vueling_avio-300x200.jpg\" alt=\"\" width=\"300\" height=\"200\" class=\"alignright size-medium wp-image-11170\" srcset=\"https:\/\/www.comunicatur.info\/wp-content\/uploads\/2017\/11\/vueling_avio-300x200.jpg 300w, https:\/\/www.comunicatur.info\/wp-content\/uploads\/2017\/11\/vueling_avio-768x512.jpg 768w, https:\/\/www.comunicatur.info\/wp-content\/uploads\/2017\/11\/vueling_avio-1024x683.jpg 1024w, https:\/\/www.comunicatur.info\/wp-content\/uploads\/2017\/11\/vueling_avio-600x400.jpg 600w\" sizes=\"(max-width: 300px) 100vw, 300px\" \/><\/p>\n","protected":false},"excerpt":{"rendered":"<p>Las compa\u00f1\u00edas a\u00e9reas que operan en el aeropuerto del Prat ofrecer\u00e1n un 13,4% m\u00e1s de plazas esta temporada de invierno. En total ser\u00e1n casi 21 millones de asientos, seg\u00fan datos facilitados por Aena. La evoluci\u00f3n del aeropuerto de Barcelona es muy positiva, por encima de la media de crecimiento del conjunto de la red de &hellip;<\/p>\n","protected":false},"author":1,"featured_media":0,"comment_status":"closed","ping_status":"open","sticky":false,"template":"","format":"standard","meta":[],"categories":[74,65],"tags":[],"_links":{"self":[{"href":"https:\/\/www.comunicatur.info\/es\/wp-json\/wp\/v2\/posts\/11173"}],"collection":[{"href":"https:\/\/www.comunicatur.info\/es\/wp-json\/wp\/v2\/posts"}],"about":[{"href":"https:\/\/www.comunicatur.info\/es\/wp-json\/wp\/v2\/types\/post"}],"author":[{"embeddable":true,"href":"https:\/\/www.comunicatur.info\/es\/wp-json\/wp\/v2\/users\/1"}],"replies":[{"embeddable":true,"href":"https:\/\/www.comunicatur.info\/es\/wp-json\/wp\/v2\/comments?post=11173"}],"version-history":[{"count":1,"href":"https:\/\/www.comunicatur.info\/es\/wp-json\/wp\/v2\/posts\/11173\/revisions"}],"predecessor-version":[{"id":11174,"href":"https:\/\/www.comunicatur.info\/es\/wp-json\/wp\/v2\/posts\/11173\/revisions\/11174"}],"wp:attachment":[{"href":"https:\/\/www.comunicatur.info\/es\/wp-json\/wp\/v2\/media?parent=11173"}],"wp:term":[{"taxonomy":"category","embeddable":true,"href":"https:\/\/www.comunicatur.info\/es\/wp-json\/wp\/v2\/categories?post=11173"},{"taxonomy":"post_tag","embeddable":true,"href":"https:\/\/www.comunicatur.info\/es\/wp-json\/wp\/v2\/tags?post=11173"}],"curies":[{"name":"wp","href":"https:\/\/api.w.org\/{rel}","templated":true}]}}