{"id":11137,"date":"2017-11-17T00:00:40","date_gmt":"2017-11-16T22:00:40","guid":{"rendered":"https:\/\/comunicatur.info\/?p=11137"},"modified":"2017-11-16T15:23:09","modified_gmt":"2017-11-16T13:23:09","slug":"la-facturacion-hotelera-en-barcelona-cae-un-13-en-octubre","status":"publish","type":"post","link":"https:\/\/www.comunicatur.info\/es\/la-facturacion-hotelera-en-barcelona-cae-un-13-en-octubre\/","title":{"rendered":"La facturaci\u00f3n hotelera en Barcelona cae un 13% en octubre"},"content":{"rendered":"<p>El Gremio de Hoteles de Barcelona calcula que la ocupaci\u00f3n de los hoteles ha bajado un 7% pero que han llegado a perder un 13% de la facturaci\u00f3n durante el mes de octubre.<\/p>\n<p><!--more--><img src=\"https:\/\/www.comunicatur.info\/wp-content\/uploads\/2016\/11\/SagrdaFamilia-300x225.jpg\" alt=\"\" width=\"300\" height=\"225\" class=\"alignright size-medium wp-image-9300\" srcset=\"https:\/\/www.comunicatur.info\/wp-content\/uploads\/2016\/11\/SagrdaFamilia-300x225.jpg 300w, https:\/\/www.comunicatur.info\/wp-content\/uploads\/2016\/11\/SagrdaFamilia.jpg 512w\" sizes=\"(max-width: 300px) 100vw, 300px\" \/>Los hoteleros de Barcelona atribuyen estos datos negativos al conflicto pol\u00edtico y a la situaci\u00f3n de inestabilidad. La ocupaci\u00f3n en los hoteles de la capital catalana ha sido del 83% cuando el a\u00f1o pasado fue del 90%. En el descenso de clientes hay que sumar una bajada de 9 euros de media del precio de la habitaci\u00f3n, de 156 a 147 euros. El RevPar (ingreso por habitaci\u00f3n disponible) ha ca\u00eddo en los hoteles barceloneses un 13%.<\/p>\n<p>El presidente del Gremio de Hoteles de Barcelona, Jordi Clos, se muestra especialmente preocupado por el turismo MICE. Los turistas de negocios son claves para la ciudad en la temporada no estival. Alerta de una ca\u00edda de las reservas futuras ya que no ve que la demanda se est\u00e9 moviendo con normalidad.<\/p>\n<p><img src=\"https:\/\/www.comunicatur.info\/wp-content\/uploads\/2008\/09\/hotelletras22.jpg\" alt=\"\" width=\"300\" height=\"200\" class=\"alignright size-full wp-image-653\" \/>Un ejemplo concreto son las reservas de Fin de A\u00f1o, que seg\u00fan los empresarios han bajado un 40%. Esto les hace prever que la tendencia negativa se prolongue varios meses. Incluso creen que por primera vez <a href=\"https:\/\/www.comunicatur.info\/es\/preocupados-por-la-posible-perdida-del-mobile-world-congress-en-barcelona\/\" rel=\"noopener\" target=\"_blank\">el Mobile World Congress de 2018 no aumentar\u00e1 la oferta de habitaciones.<\/a><\/p>\n<p>El Gremio de Hoteles pretende que las administraciones doblen la inversi\u00f3n en promoci\u00f3n tur\u00edstica porque las previsiones para el primer trimestre del a\u00f1o 2018 tambi\u00e9n indican una ca\u00edda de 8 puntos en la ocupaci\u00f3n. Consideran que la ciudad necesita relanzar su marca tur\u00edstica.<\/p>\n","protected":false},"excerpt":{"rendered":"<p>El Gremio de Hoteles de Barcelona calcula que la ocupaci\u00f3n de los hoteles ha bajado un 7% pero que han llegado a perder un 13% de la facturaci\u00f3n durante el mes de octubre. Los hoteleros de Barcelona atribuyen estos datos negativos al conflicto pol\u00edtico y a la situaci\u00f3n de inestabilidad. La ocupaci\u00f3n en los hoteles &hellip;<\/p>\n","protected":false},"author":1,"featured_media":0,"comment_status":"closed","ping_status":"open","sticky":false,"template":"","format":"standard","meta":[],"categories":[59],"tags":[],"_links":{"self":[{"href":"https:\/\/www.comunicatur.info\/es\/wp-json\/wp\/v2\/posts\/11137"}],"collection":[{"href":"https:\/\/www.comunicatur.info\/es\/wp-json\/wp\/v2\/posts"}],"about":[{"href":"https:\/\/www.comunicatur.info\/es\/wp-json\/wp\/v2\/types\/post"}],"author":[{"embeddable":true,"href":"https:\/\/www.comunicatur.info\/es\/wp-json\/wp\/v2\/users\/1"}],"replies":[{"embeddable":true,"href":"https:\/\/www.comunicatur.info\/es\/wp-json\/wp\/v2\/comments?post=11137"}],"version-history":[{"count":1,"href":"https:\/\/www.comunicatur.info\/es\/wp-json\/wp\/v2\/posts\/11137\/revisions"}],"predecessor-version":[{"id":11138,"href":"https:\/\/www.comunicatur.info\/es\/wp-json\/wp\/v2\/posts\/11137\/revisions\/11138"}],"wp:attachment":[{"href":"https:\/\/www.comunicatur.info\/es\/wp-json\/wp\/v2\/media?parent=11137"}],"wp:term":[{"taxonomy":"category","embeddable":true,"href":"https:\/\/www.comunicatur.info\/es\/wp-json\/wp\/v2\/categories?post=11137"},{"taxonomy":"post_tag","embeddable":true,"href":"https:\/\/www.comunicatur.info\/es\/wp-json\/wp\/v2\/tags?post=11137"}],"curies":[{"name":"wp","href":"https:\/\/api.w.org\/{rel}","templated":true}]}}