{"id":11107,"date":"2017-11-08T21:24:37","date_gmt":"2017-11-08T19:24:37","guid":{"rendered":"https:\/\/comunicatur.info\/?p=11107"},"modified":"2017-11-07T15:28:19","modified_gmt":"2017-11-07T13:28:19","slug":"el-gobierno-central-utiliza-el-turismo-como-arma-politica","status":"publish","type":"post","link":"https:\/\/www.comunicatur.info\/es\/el-gobierno-central-utiliza-el-turismo-como-arma-politica\/","title":{"rendered":"El gobierno espa\u00f1ol utiliza el turismo como arma pol\u00edtica"},"content":{"rendered":"<p>Los responsables pol\u00edticos del gobierno han elegido el turismo como una de las armas arrojadizas contra el proceso soberanista catal\u00e1n. Las \u00faltimas declaraciones incorporan una alta intencionalidad pol\u00edtica que no beneficia mucho a la actividad del sector.<\/p>\n<p><!--more-->El presidente del Gobierno, el delegado del Gobierno en Catalu\u00f1a y el ministro de Turismo se han dedicado a facilitar datos negativos sobre los resultados tur\u00edsticos antes de disponer de las estad\u00edsticas oficiales.<\/p>\n<p>Mariano Rajoy, durante sus discursos, no deja de hacer referencia al da\u00f1o que est\u00e1 haciendo el proceso al sector tur\u00edstico y el delegado Enric Millo ha afirmado que la situaci\u00f3n pol\u00edtica est\u00e1 afectando m\u00e1s al turismo que los atentados. Por su parte, en Londres, \u00c1lvaro Nadal, ministro de Turismo, no se ha contenido en sus declaraciones p\u00fablicas hablando del descenso del turismo en Catalu\u00f1a durante el mes de octubre debido al proceso independentista.<\/p>\n<p>Sea m\u00e1s o menos cierto, lo que no se puede negar es la intencionalidad de las declaraciones. Lejos de trasladar a los operadores internacionales un mensaje tranquilizador y de apoyo al destino, los pol\u00edticos llevan el agua a su molino y colocan toda la carga partidista posible en las manifestaciones p\u00fablicas.<\/p>\n<p>Un sector tan importante para la econom\u00eda catalana y espa\u00f1ola, que representa el 12% del PIB, deber\u00eda quedar al margen de las trifulcas pol\u00edticas. Un aut\u00e9ntico pacto de estado para no aprovechar las coyunturas y los datos parciales en beneficio particular.<\/p>\n","protected":false},"excerpt":{"rendered":"<p>Los responsables pol\u00edticos del gobierno han elegido el turismo como una de las armas arrojadizas contra el proceso soberanista catal\u00e1n. Las \u00faltimas declaraciones incorporan una alta intencionalidad pol\u00edtica que no beneficia mucho a la actividad del sector. El presidente del Gobierno, el delegado del Gobierno en Catalu\u00f1a y el ministro de Turismo se han dedicado &hellip;<\/p>\n","protected":false},"author":1,"featured_media":0,"comment_status":"closed","ping_status":"open","sticky":false,"template":"","format":"standard","meta":[],"categories":[73],"tags":[],"_links":{"self":[{"href":"https:\/\/www.comunicatur.info\/es\/wp-json\/wp\/v2\/posts\/11107"}],"collection":[{"href":"https:\/\/www.comunicatur.info\/es\/wp-json\/wp\/v2\/posts"}],"about":[{"href":"https:\/\/www.comunicatur.info\/es\/wp-json\/wp\/v2\/types\/post"}],"author":[{"embeddable":true,"href":"https:\/\/www.comunicatur.info\/es\/wp-json\/wp\/v2\/users\/1"}],"replies":[{"embeddable":true,"href":"https:\/\/www.comunicatur.info\/es\/wp-json\/wp\/v2\/comments?post=11107"}],"version-history":[{"count":2,"href":"https:\/\/www.comunicatur.info\/es\/wp-json\/wp\/v2\/posts\/11107\/revisions"}],"predecessor-version":[{"id":11109,"href":"https:\/\/www.comunicatur.info\/es\/wp-json\/wp\/v2\/posts\/11107\/revisions\/11109"}],"wp:attachment":[{"href":"https:\/\/www.comunicatur.info\/es\/wp-json\/wp\/v2\/media?parent=11107"}],"wp:term":[{"taxonomy":"category","embeddable":true,"href":"https:\/\/www.comunicatur.info\/es\/wp-json\/wp\/v2\/categories?post=11107"},{"taxonomy":"post_tag","embeddable":true,"href":"https:\/\/www.comunicatur.info\/es\/wp-json\/wp\/v2\/tags?post=11107"}],"curies":[{"name":"wp","href":"https:\/\/api.w.org\/{rel}","templated":true}]}}