{"id":11079,"date":"2017-11-03T00:00:49","date_gmt":"2017-11-02T22:00:49","guid":{"rendered":"https:\/\/comunicatur.info\/?p=11079"},"modified":"2017-10-27T13:31:13","modified_gmt":"2017-10-27T11:31:13","slug":"los-campings-de-los-pirineos-catalanas-crean-una-marca-comercial-propia","status":"publish","type":"post","link":"https:\/\/www.comunicatur.info\/es\/los-campings-de-los-pirineos-catalanas-crean-una-marca-comercial-propia\/","title":{"rendered":"Los campings de los pirineos catalanas crean una marca comercial propia"},"content":{"rendered":"<p>La Asociaci\u00f3n de Campings de Monta\u00f1a y Pirineo Catal\u00e1n present\u00f3 en la \u00faltima edici\u00f3n de la feria Innocamping de Lleida, una nueva imagen y marca comercial.<\/p>\n<p><!--more--><img src=\"https:\/\/www.comunicatur.info\/wp-content\/uploads\/2017\/10\/SomPirineus.jpg\" alt=\"\" width=\"220\" height=\"141\" class=\"alignright size-full wp-image-11077\" \/>Esta nueva marca elegida es SOMOS PAISAJE. Seg\u00fan explican la elecci\u00f3n quiere \u00abpotenciar el entorno y los paisajes \u00fanicos que rodean nuestros campings de monta\u00f1a\u00bb. Coincidiendo con esta presentaci\u00f3n, la asociaci\u00f3n tambi\u00e9n ha estrenado una nueva p\u00e1gina web donde publica propuestas y ofertas vinculadas a sus campings.<\/p>\n<p>Los campings de monta\u00f1a est\u00e1n dirigi\u00e9ndose principalmente a las familias y los deportistas que pueden realizar actividades de turismo activo, de naturaleza y de deportes de aventura. La Asociaci\u00f3n de Campings re\u00fane a 22 campings de los Pirineos pero tambi\u00e9n de las comarcas del Priorat y el Baix Camp.<\/p>\n","protected":false},"excerpt":{"rendered":"<p>La Asociaci\u00f3n de Campings de Monta\u00f1a y Pirineo Catal\u00e1n present\u00f3 en la \u00faltima edici\u00f3n de la feria Innocamping de Lleida, una nueva imagen y marca comercial. Esta nueva marca elegida es SOMOS PAISAJE. Seg\u00fan explican la elecci\u00f3n quiere \u00abpotenciar el entorno y los paisajes \u00fanicos que rodean nuestros campings de monta\u00f1a\u00bb. Coincidiendo con esta presentaci\u00f3n, &hellip;<\/p>\n","protected":false},"author":1,"featured_media":0,"comment_status":"closed","ping_status":"open","sticky":false,"template":"","format":"standard","meta":[],"categories":[59],"tags":[],"_links":{"self":[{"href":"https:\/\/www.comunicatur.info\/es\/wp-json\/wp\/v2\/posts\/11079"}],"collection":[{"href":"https:\/\/www.comunicatur.info\/es\/wp-json\/wp\/v2\/posts"}],"about":[{"href":"https:\/\/www.comunicatur.info\/es\/wp-json\/wp\/v2\/types\/post"}],"author":[{"embeddable":true,"href":"https:\/\/www.comunicatur.info\/es\/wp-json\/wp\/v2\/users\/1"}],"replies":[{"embeddable":true,"href":"https:\/\/www.comunicatur.info\/es\/wp-json\/wp\/v2\/comments?post=11079"}],"version-history":[{"count":1,"href":"https:\/\/www.comunicatur.info\/es\/wp-json\/wp\/v2\/posts\/11079\/revisions"}],"predecessor-version":[{"id":11080,"href":"https:\/\/www.comunicatur.info\/es\/wp-json\/wp\/v2\/posts\/11079\/revisions\/11080"}],"wp:attachment":[{"href":"https:\/\/www.comunicatur.info\/es\/wp-json\/wp\/v2\/media?parent=11079"}],"wp:term":[{"taxonomy":"category","embeddable":true,"href":"https:\/\/www.comunicatur.info\/es\/wp-json\/wp\/v2\/categories?post=11079"},{"taxonomy":"post_tag","embeddable":true,"href":"https:\/\/www.comunicatur.info\/es\/wp-json\/wp\/v2\/tags?post=11079"}],"curies":[{"name":"wp","href":"https:\/\/api.w.org\/{rel}","templated":true}]}}