{"id":11022,"date":"2017-10-20T00:00:57","date_gmt":"2017-10-19T22:00:57","guid":{"rendered":"https:\/\/comunicatur.info\/?p=11022"},"modified":"2017-10-16T11:17:46","modified_gmt":"2017-10-16T09:17:46","slug":"el-paisaje-del-priorat-candidato-patrimonio-de-la-humanidad","status":"publish","type":"post","link":"https:\/\/www.comunicatur.info\/es\/el-paisaje-del-priorat-candidato-patrimonio-de-la-humanidad\/","title":{"rendered":"El paisaje del Priorat, candidato a Patrimonio de la Humanidad"},"content":{"rendered":"<p>El Consejo del Patrimonio Hist\u00f3rico espa\u00f1ol elevar\u00e1 a la UNESCO, en febrero de 2018, la candidatura a Patrimonio Mundial de la Humanidad al &#8216;Priorat-Montsant-Siurana, mosaico mediterr\u00e1neo&#8217;, junto con la de &#8216;Paisaje Cultural de Risco Ca\u00eddo y los espacios sagrados de monta\u00f1a de Gran Canaria&#8217;.<\/p>\n<p><!--more--><img src=\"https:\/\/www.comunicatur.info\/wp-content\/uploads\/2017\/10\/priorat_patrimoni_1-300x156.jpg\" alt=\"\" width=\"300\" height=\"156\" class=\"alignright size-medium wp-image-11020\" srcset=\"https:\/\/www.comunicatur.info\/wp-content\/uploads\/2017\/10\/priorat_patrimoni_1-300x156.jpg 300w, https:\/\/www.comunicatur.info\/wp-content\/uploads\/2017\/10\/priorat_patrimoni_1-768x398.jpg 768w, https:\/\/www.comunicatur.info\/wp-content\/uploads\/2017\/10\/priorat_patrimoni_1.jpg 1024w, https:\/\/www.comunicatur.info\/wp-content\/uploads\/2017\/10\/priorat_patrimoni_1-600x311.jpg 600w\" sizes=\"(max-width: 300px) 100vw, 300px\" \/>Ser\u00e1 a partir de febrero cuando t\u00e9cnicos de la UNESCO evaluar\u00e1n sobre el terreno las caracter\u00edsticas del territorio para que en el 2019, en caso de superar las expectativas del organismo internacional, sea reconocido. En una primera fase el Priorat fue descartada por el Estado pero despu\u00e9s de introducir cambios en la candidatura finalmente ha sido seleccionada.<\/p>\n<p>Han sido diez a\u00f1os de trabajo desde que en 2007 el tejido social de la comarca y las administraciones locales iniciaron su promoci\u00f3n como patrimonio de la humanidad por su paisaje cultual agrario. La candidatura se basa en la protecci\u00f3n de un paisaje que ha conseguido dinamizar los sectores vitivin\u00edcola y enotur\u00edstico de forma sostenible. El Priorat quiere posicionarse como un referente en enoturismo para los mercados internacionales -cuenta con las denominaciones de origen DO Priorat y DO Montsant-. En caso de ser declarado patrimonio supondr\u00e1 un gran impulso.<\/p>\n","protected":false},"excerpt":{"rendered":"<p>El Consejo del Patrimonio Hist\u00f3rico espa\u00f1ol elevar\u00e1 a la UNESCO, en febrero de 2018, la candidatura a Patrimonio Mundial de la Humanidad al &#8216;Priorat-Montsant-Siurana, mosaico mediterr\u00e1neo&#8217;, junto con la de &#8216;Paisaje Cultural de Risco Ca\u00eddo y los espacios sagrados de monta\u00f1a de Gran Canaria&#8217;. Ser\u00e1 a partir de febrero cuando t\u00e9cnicos de la UNESCO evaluar\u00e1n &hellip;<\/p>\n","protected":false},"author":1,"featured_media":0,"comment_status":"closed","ping_status":"open","sticky":false,"template":"","format":"standard","meta":[],"categories":[62],"tags":[],"_links":{"self":[{"href":"https:\/\/www.comunicatur.info\/es\/wp-json\/wp\/v2\/posts\/11022"}],"collection":[{"href":"https:\/\/www.comunicatur.info\/es\/wp-json\/wp\/v2\/posts"}],"about":[{"href":"https:\/\/www.comunicatur.info\/es\/wp-json\/wp\/v2\/types\/post"}],"author":[{"embeddable":true,"href":"https:\/\/www.comunicatur.info\/es\/wp-json\/wp\/v2\/users\/1"}],"replies":[{"embeddable":true,"href":"https:\/\/www.comunicatur.info\/es\/wp-json\/wp\/v2\/comments?post=11022"}],"version-history":[{"count":1,"href":"https:\/\/www.comunicatur.info\/es\/wp-json\/wp\/v2\/posts\/11022\/revisions"}],"predecessor-version":[{"id":11023,"href":"https:\/\/www.comunicatur.info\/es\/wp-json\/wp\/v2\/posts\/11022\/revisions\/11023"}],"wp:attachment":[{"href":"https:\/\/www.comunicatur.info\/es\/wp-json\/wp\/v2\/media?parent=11022"}],"wp:term":[{"taxonomy":"category","embeddable":true,"href":"https:\/\/www.comunicatur.info\/es\/wp-json\/wp\/v2\/categories?post=11022"},{"taxonomy":"post_tag","embeddable":true,"href":"https:\/\/www.comunicatur.info\/es\/wp-json\/wp\/v2\/tags?post=11022"}],"curies":[{"name":"wp","href":"https:\/\/api.w.org\/{rel}","templated":true}]}}