{"id":10975,"date":"2017-10-06T00:00:25","date_gmt":"2017-10-05T22:00:25","guid":{"rendered":"https:\/\/comunicatur.info\/?p=10975"},"modified":"2017-10-05T18:36:26","modified_gmt":"2017-10-05T16:36:26","slug":"nueva-ruta-cicloturistica-entre-lleida-y-girona","status":"publish","type":"post","link":"https:\/\/www.comunicatur.info\/es\/nueva-ruta-cicloturistica-entre-lleida-y-girona\/","title":{"rendered":"Nueva ruta ciclotur\u00edstica entre Lleida y Girona"},"content":{"rendered":"<p>Los amantes de la bicicleta dispondr\u00e1n de un corredor seguro para ciclistas que unir\u00e1 Lleida y Girona mediante caminos rurales ya existentes, ca\u00f1adas ganaderas, v\u00edas urbanas, tramos ferroviarios en desuso y carreteras con poca densidad de tr\u00e1fico. La Generalitat se\u00f1alizar\u00e1 este oto\u00f1o un primer tramo de esta nueva ruta ciclotur\u00edstica que enlazar\u00e1 la capital del Segri\u00e0 y Cervera. <\/p>\n<p><!--more--><figure id=\"attachment_10973\" aria-describedby=\"caption-attachment-10973\" style=\"width: 300px\" class=\"wp-caption alignright\"><img src=\"https:\/\/www.comunicatur.info\/wp-content\/uploads\/2017\/10\/cicloturisme-300x135.jpg\" alt=\"\" width=\"300\" height=\"135\" class=\"size-medium wp-image-10973\" srcset=\"https:\/\/www.comunicatur.info\/wp-content\/uploads\/2017\/10\/cicloturisme-300x135.jpg 300w, https:\/\/www.comunicatur.info\/wp-content\/uploads\/2017\/10\/cicloturisme-768x346.jpg 768w, https:\/\/www.comunicatur.info\/wp-content\/uploads\/2017\/10\/cicloturisme-600x270.jpg 600w, https:\/\/www.comunicatur.info\/wp-content\/uploads\/2017\/10\/cicloturisme.jpg 900w\" sizes=\"(max-width: 300px) 100vw, 300px\" \/><figcaption id=\"caption-attachment-10973\" class=\"wp-caption-text\">Estany d&#8217;Ivars i Vilasana. El Pla d&#8217;Urgell.<\/figcaption><\/figure>El Gobierno catal\u00e1n ha recuperado y adaptado una propuesta, que se llamar\u00e1 InterCatalunya, que ya plante\u00f3 hace once a\u00f1os con el objetivo de promover el \u00abcicloturismo de alforjas\u00bb, basado en recorrer largas distancias en bicicleta combinando el deporte y el turismo. Consiste en viajar en bicicleta y visitar los lugares m\u00e1s interesantes que se encuentran en el recorrido de 298 kil\u00f3metros. Se pueden hacer viajes de cualquier duraci\u00f3n y recorrer entre 40 y 80 km al d\u00eda. Adem\u00e1s, las principales poblaciones del itinerario permiten la intermodalidad de la ruta con el transporte p\u00fablico colectivo, como es el caso del ferrocarril de alta velocidad en Lleida; los regionales en Lleida, Mollerussa, T\u00e0rrega o Cervera, y las estaciones de autobuses interurbanos.<\/p>\n<p>La empresa p\u00fablica Infraestructures.cat ha sacado a concurso el primer tramo de este corredor, con una longitud de 67,7 kil\u00f3metros, que atravesar\u00e1 doce municipios de las comarcas del llano de Lleida: Lleida, Alcoletge, Bell-lloc, Sidamon, El Palau d\u2019Anglesola, Vila-sana, Castellnou de Seana, Bellpuig, Vilagrassa, T\u00e0rrega, Granyanella y Cervera. La ruta ciclotur\u00edstica recorre tramos del Camino de Santiago e incluye espacios de inter\u00e9s como el parque de la Mitjana, en la ciudad de Lleida, y el lago de Ivars y Vila-sana, entre otros.<\/p>\n<p>La iniciativa tiene un presupuesto de unos 75.000 euros y la mayor parte del gasto se destinar\u00e1 a instalar se\u00f1ales en caminos y carreteras y paneles informativos de los puntos de inter\u00e9s tur\u00edstico, cultural y paisaj\u00edstico. Sin embargo, el proyecto prev\u00e9 tambi\u00e9n obras para garantizar la seguridad de los ciclistas en puntos cr\u00edticos con un elevado tr\u00e1fico de coches y camiones.<\/p>\n<p>As\u00ed, est\u00e1 previsto habilitar carriles bici en el paso de peatones cercano a la rotonda de acceso a Alcoletge en la carretera C-13. Por otra parte, el proyecto incluye la construcci\u00f3n de un tramo de \u00abv\u00eda verde\u00bb paralela a la carretera L-214 en Cervera, que permita cruzarla a la altura de las ruinas de Santa Magdalena para mejorar la visibilidad de los ciclistas en esta intersecci\u00f3n.<\/p>\n<p>Este primer tramo del corredor en el llano de Lleida forma parte de la ruta que llevar\u00e1 el nombre de InterCatalunya y que recorrer\u00e1 tambi\u00e9n Calaf, Manresa, Vic y Girona. Se sumar\u00e1 a la V\u00eda Pirinexus, iniciada en 2013 en las comarcas de Girona, y a la V\u00eda Mediterr\u00e1neo-EuroVelo 8, que recorrer\u00e1 Catalu\u00f1a de norte a sur paralela a la costa.\/<em>Ara Lleida<\/em><\/p>\n","protected":false},"excerpt":{"rendered":"<p>Los amantes de la bicicleta dispondr\u00e1n de un corredor seguro para ciclistas que unir\u00e1 Lleida y Girona mediante caminos rurales ya existentes, ca\u00f1adas ganaderas, v\u00edas urbanas, tramos ferroviarios en desuso y carreteras con poca densidad de tr\u00e1fico. La Generalitat se\u00f1alizar\u00e1 este oto\u00f1o un primer tramo de esta nueva ruta ciclotur\u00edstica que enlazar\u00e1 la capital del &hellip;<\/p>\n","protected":false},"author":1,"featured_media":0,"comment_status":"closed","ping_status":"open","sticky":false,"template":"","format":"standard","meta":[],"categories":[62],"tags":[],"_links":{"self":[{"href":"https:\/\/www.comunicatur.info\/es\/wp-json\/wp\/v2\/posts\/10975"}],"collection":[{"href":"https:\/\/www.comunicatur.info\/es\/wp-json\/wp\/v2\/posts"}],"about":[{"href":"https:\/\/www.comunicatur.info\/es\/wp-json\/wp\/v2\/types\/post"}],"author":[{"embeddable":true,"href":"https:\/\/www.comunicatur.info\/es\/wp-json\/wp\/v2\/users\/1"}],"replies":[{"embeddable":true,"href":"https:\/\/www.comunicatur.info\/es\/wp-json\/wp\/v2\/comments?post=10975"}],"version-history":[{"count":2,"href":"https:\/\/www.comunicatur.info\/es\/wp-json\/wp\/v2\/posts\/10975\/revisions"}],"predecessor-version":[{"id":10978,"href":"https:\/\/www.comunicatur.info\/es\/wp-json\/wp\/v2\/posts\/10975\/revisions\/10978"}],"wp:attachment":[{"href":"https:\/\/www.comunicatur.info\/es\/wp-json\/wp\/v2\/media?parent=10975"}],"wp:term":[{"taxonomy":"category","embeddable":true,"href":"https:\/\/www.comunicatur.info\/es\/wp-json\/wp\/v2\/categories?post=10975"},{"taxonomy":"post_tag","embeddable":true,"href":"https:\/\/www.comunicatur.info\/es\/wp-json\/wp\/v2\/tags?post=10975"}],"curies":[{"name":"wp","href":"https:\/\/api.w.org\/{rel}","templated":true}]}}