{"id":10970,"date":"2017-10-04T19:45:42","date_gmt":"2017-10-04T17:45:42","guid":{"rendered":"https:\/\/comunicatur.info\/?p=10970"},"modified":"2017-10-04T19:45:42","modified_gmt":"2017-10-04T17:45:42","slug":"la-inestabilidad-de-cataluna-preocupa-y-mucho-en-el-sector-turistico","status":"publish","type":"post","link":"https:\/\/www.comunicatur.info\/es\/la-inestabilidad-de-cataluna-preocupa-y-mucho-en-el-sector-turistico\/","title":{"rendered":"La inestabilidad de Catalu\u00f1a preocupa, y mucho, en el sector tur\u00edstico"},"content":{"rendered":"<p>La fragilidad social que se respira en Catalu\u00f1a puede poner en peligro la actividad tur\u00edstica. La &#8216;gallina de los huevos de oro&#8217; pende de un hilo si el destino entra en una crisis de inestabilidad social con afectaciones en la calle.<\/p>\n<p><!--more-->Las im\u00e1genes de violencia policial del 1-O sumadas al paro general y a las manifestaciones constantes por las calles inquieta a los operadores tur\u00edsticos. Algunos gobiernos ya han advertido de la situaci\u00f3n a sus nacionales que quieren viajar a Catalu\u00f1a. El Reino Unido y Alemania ya lo han hecho y en los pr\u00f3ximos d\u00edas se a\u00f1adir\u00e1n otros. Por ahora les informa sobre concentraciones que pueden comportar altercados.<\/p>\n<p>El principal problema tur\u00edstico no radica en la afectaci\u00f3n de una huelga puntual como la producida el d\u00eda 3 de octubre con el aeropuerto funcionando a medio gas, las carreteras cortadas, los servicios intermitentes y los equipamientos tur\u00edsticos cerrados. La preocupaci\u00f3n del sector est\u00e1 en que la situaci\u00f3n de movilizaci\u00f3n y huelga se traslade a la calle de manera recurrente y permanente.<\/p>\n<p>Los agentes de viaje y las canciller\u00edas de exteriores no tardar\u00edan mucho en desaconsejar el viaje y derivarlo hacia otros destinos m\u00e1s seguros. Estos d\u00edas el sector catal\u00e1n est\u00e1 recibiendo llamadas constantes del exterior interes\u00e1ndose por la situaci\u00f3n. Las empresas catalanas tratan con discreci\u00f3n el tema conscientes de que el negocio tur\u00edstico, pilar de la econom\u00eda catalana, est\u00e1 en juego.<\/p>\n","protected":false},"excerpt":{"rendered":"<p>La fragilidad social que se respira en Catalu\u00f1a puede poner en peligro la actividad tur\u00edstica. La &#8216;gallina de los huevos de oro&#8217; pende de un hilo si el destino entra en una crisis de inestabilidad social con afectaciones en la calle. Las im\u00e1genes de violencia policial del 1-O sumadas al paro general y a las &hellip;<\/p>\n","protected":false},"author":1,"featured_media":0,"comment_status":"closed","ping_status":"open","sticky":false,"template":"","format":"standard","meta":[],"categories":[62],"tags":[],"_links":{"self":[{"href":"https:\/\/www.comunicatur.info\/es\/wp-json\/wp\/v2\/posts\/10970"}],"collection":[{"href":"https:\/\/www.comunicatur.info\/es\/wp-json\/wp\/v2\/posts"}],"about":[{"href":"https:\/\/www.comunicatur.info\/es\/wp-json\/wp\/v2\/types\/post"}],"author":[{"embeddable":true,"href":"https:\/\/www.comunicatur.info\/es\/wp-json\/wp\/v2\/users\/1"}],"replies":[{"embeddable":true,"href":"https:\/\/www.comunicatur.info\/es\/wp-json\/wp\/v2\/comments?post=10970"}],"version-history":[{"count":1,"href":"https:\/\/www.comunicatur.info\/es\/wp-json\/wp\/v2\/posts\/10970\/revisions"}],"predecessor-version":[{"id":10971,"href":"https:\/\/www.comunicatur.info\/es\/wp-json\/wp\/v2\/posts\/10970\/revisions\/10971"}],"wp:attachment":[{"href":"https:\/\/www.comunicatur.info\/es\/wp-json\/wp\/v2\/media?parent=10970"}],"wp:term":[{"taxonomy":"category","embeddable":true,"href":"https:\/\/www.comunicatur.info\/es\/wp-json\/wp\/v2\/categories?post=10970"},{"taxonomy":"post_tag","embeddable":true,"href":"https:\/\/www.comunicatur.info\/es\/wp-json\/wp\/v2\/tags?post=10970"}],"curies":[{"name":"wp","href":"https:\/\/api.w.org\/{rel}","templated":true}]}}