{"id":10963,"date":"2017-10-04T00:00:52","date_gmt":"2017-10-03T22:00:52","guid":{"rendered":"https:\/\/comunicatur.info\/?p=10963"},"modified":"2017-10-03T20:37:26","modified_gmt":"2017-10-03T18:37:26","slug":"world-travel-award-para-la-costa-brava","status":"publish","type":"post","link":"https:\/\/www.comunicatur.info\/es\/world-travel-award-para-la-costa-brava\/","title":{"rendered":"World Travel Award para la Costa Brava"},"content":{"rendered":"<p>Los World Travel Awards son los sellos m\u00e1s importantes y reconocidos en todo el mundo de la excelencia tur\u00edstica. El premio conseguido por Costa Brava es el de mejor campa\u00f1a de marketing de Europa 2017 y est\u00e1 compartido con la regi\u00f3n italiana de la Emilia Romagna, ya que la campa\u00f1a premiada fue una acci\u00f3n conjunta de las dos regiones. <\/p>\n<p><!--more--><strong>Acci\u00f3n promocional <em>#EuroFoodTrip<\/em><\/strong><br \/>\n<img src=\"https:\/\/www.comunicatur.info\/wp-content\/uploads\/2017\/10\/WTA-Premiats-300x225.jpg\" alt=\"\" width=\"300\" height=\"225\" class=\"alignright size-medium wp-image-10961\" srcset=\"https:\/\/www.comunicatur.info\/wp-content\/uploads\/2017\/10\/WTA-Premiats-300x225.jpg 300w, https:\/\/www.comunicatur.info\/wp-content\/uploads\/2017\/10\/WTA-Premiats-768x576.jpg 768w, https:\/\/www.comunicatur.info\/wp-content\/uploads\/2017\/10\/WTA-Premiats-1024x768.jpg 1024w, https:\/\/www.comunicatur.info\/wp-content\/uploads\/2017\/10\/WTA-Premiats-600x450.jpg 600w, https:\/\/www.comunicatur.info\/wp-content\/uploads\/2017\/10\/WTA-Premiats.jpg 2000w\" sizes=\"(max-width: 300px) 100vw, 300px\" \/>El hecho que ha propiciado el galard\u00f3n es la acci\u00f3n promocional #EuroFoodTrip, impulsada por el Patronato de Turismo Costa Brava Girona de la Diputaci\u00f3n de Girona y el Patronato de Turismo de la Emilia Romagna en colaboraci\u00f3n con iAmbassador. (<a href=\"https:\/\/www.comunicatur.info\/es\/la-costa-brava-nominada-los-world-travel-awards-como-una-de-les-mejores-campanas-de-marketing\/\" rel=\"noopener\" target=\"_blank\">Ver Comunicatur.info<\/a>). <\/p>\n<p>La campa\u00f1a consisti\u00f3 en un doble blogtrip (viajes de familiarizaci\u00f3n) para prescriptores digitales y dirigido a un grupo de influenciadores centrados en aspectos enogastron\u00f3micos, culturales y tradicionales de cada destino. <\/p>\n<p>Los creadores de contenidos que participaron en la primera experiencia de intercambio entre destinos tur\u00edsticos son de diversos pa\u00edses:<\/p>\n<p>CANAD\u00c1<br \/>\n&#8211; Audrey Berguer, de <a href=\"http:\/\/thatbackpacker.com\" rel=\"noopener\" target=\"_blank\">http:\/\/thatbackpacker.com<\/a><br \/>\n&#8211; Samuel Jeffery, de <a href=\"http:\/\/nomadicsamuel.com\" rel=\"noopener\" target=\"_blank\">http:\/\/nomadicsamuel.com <\/a><br \/>\n&#8211; Brendan van Son, de <a href=\"https:\/\/www.brendansadventures.com\/\" rel=\"noopener\" target=\"_blank\">https:\/\/www.brendansadventures.com\/<\/a> <\/p>\n<p>FRANCIA<br \/>\n&#8211; Laur\u00e8ne Philippot de <a href=\"https:\/\/www.carnetdescapades.com\/\" rel=\"noopener\" target=\"_blank\">https:\/\/www.carnetdescapades.com\/<\/a> <\/p>\n<p>ALEMANIA<br \/>\n&#8211; Anja Beckmann, de <a href=\"https:\/\/www.travelontoast.de\/\" rel=\"noopener\" target=\"_blank\">https:\/\/www.travelontoast.de\/ <\/a><\/p>\n<p>ITALIA<br \/>\n&#8211; Emiliano Bechi Gabrielli, de <a href=\"http:\/\/www.emisevenmedia.com\/\" rel=\"noopener\" target=\"_blank\">http:\/\/www.emisevenmedia.com\/<\/a>. En este caso se trata de un vide\u00f3grafo. <\/p>\n<p>Como resultado final se produjo el <a href=\"https:\/\/www.youtube.com\/watch?v=ad3bxqsQyN4\" rel=\"noopener\" target=\"_blank\">v\u00eddeo oficial <\/a>de la acci\u00f3n #EuroFoodTrip, que actualmente registra 51.306 visualizaciones en las redes sociales.<br \/>\nEsta iniciativa se ha presentado como caso de \u00e9xito en diferentes congresos y f\u00f3rums tur\u00edsticos, como TTGI Incontri, en Rimini; Brennpunkt eTourism, en Salzburgo; World Travel Market, en Londres; The Social Travel Summit, en Kitzb\u00fchel, y Marca Ciutat, en Tarragona, entre otros.<\/p>\n<p>La campa\u00f1a fue escogida por votaci\u00f3n popular entre otras promociones de grandes marcas, tal y como ya anunci\u00f3 Comunicatur.<\/p>\n<p>El presidente de la Diputaci\u00f3n de Girona y del Patronato de Turismo Costa Brava Girona, Pere Vila, que asisti\u00f3 a la gala de los premios europeos, celebrada en San Petersburgo, remarc\u00f3 la importancia de la promoci\u00f3n on line: <em>\u201cha sido una satisfacci\u00f3n haber liderado con \u00e9xito una campa\u00f1a que ha obtenido reconocimiento de la industria tur\u00edstica internacional y, por ello, mantenemos la motivaci\u00f3n para seguir trabajando en el campo de la promoci\u00f3n tur\u00edstica online\u201d.<\/em><\/p>\n<p>Ver  la web de la organizaci\u00f3n <a href=\"https:\/\/www.worldtravelawards.com\/award-europes-leading-marketing-campaign-2017\" rel=\"noopener\" target=\"_blank\">World Travel Awards<\/a><\/p>\n","protected":false},"excerpt":{"rendered":"<p>Los World Travel Awards son los sellos m\u00e1s importantes y reconocidos en todo el mundo de la excelencia tur\u00edstica. El premio conseguido por Costa Brava es el de mejor campa\u00f1a de marketing de Europa 2017 y est\u00e1 compartido con la regi\u00f3n italiana de la Emilia Romagna, ya que la campa\u00f1a premiada fue una acci\u00f3n conjunta &hellip;<\/p>\n","protected":false},"author":1,"featured_media":0,"comment_status":"closed","ping_status":"open","sticky":false,"template":"","format":"standard","meta":[],"categories":[62],"tags":[],"_links":{"self":[{"href":"https:\/\/www.comunicatur.info\/es\/wp-json\/wp\/v2\/posts\/10963"}],"collection":[{"href":"https:\/\/www.comunicatur.info\/es\/wp-json\/wp\/v2\/posts"}],"about":[{"href":"https:\/\/www.comunicatur.info\/es\/wp-json\/wp\/v2\/types\/post"}],"author":[{"embeddable":true,"href":"https:\/\/www.comunicatur.info\/es\/wp-json\/wp\/v2\/users\/1"}],"replies":[{"embeddable":true,"href":"https:\/\/www.comunicatur.info\/es\/wp-json\/wp\/v2\/comments?post=10963"}],"version-history":[{"count":1,"href":"https:\/\/www.comunicatur.info\/es\/wp-json\/wp\/v2\/posts\/10963\/revisions"}],"predecessor-version":[{"id":10964,"href":"https:\/\/www.comunicatur.info\/es\/wp-json\/wp\/v2\/posts\/10963\/revisions\/10964"}],"wp:attachment":[{"href":"https:\/\/www.comunicatur.info\/es\/wp-json\/wp\/v2\/media?parent=10963"}],"wp:term":[{"taxonomy":"category","embeddable":true,"href":"https:\/\/www.comunicatur.info\/es\/wp-json\/wp\/v2\/categories?post=10963"},{"taxonomy":"post_tag","embeddable":true,"href":"https:\/\/www.comunicatur.info\/es\/wp-json\/wp\/v2\/tags?post=10963"}],"curies":[{"name":"wp","href":"https:\/\/api.w.org\/{rel}","templated":true}]}}