{"id":10958,"date":"2017-10-03T00:00:54","date_gmt":"2017-10-02T22:00:54","guid":{"rendered":"https:\/\/comunicatur.info\/?p=10958"},"modified":"2017-10-02T14:55:03","modified_gmt":"2017-10-02T12:55:03","slug":"air-france-deja-barcelona-en-manos-de-su-nueva-low-cost","status":"publish","type":"post","link":"https:\/\/www.comunicatur.info\/es\/air-france-deja-barcelona-en-manos-de-su-nueva-low-cost\/","title":{"rendered":"Air France deja Barcelona en manos de su nueva low cost"},"content":{"rendered":"<p>Joon, la nueva aerol\u00ednea low cost de Air France, se encargar\u00e1 de operar 51 vuelos semanales entre Par\u00eds -Charles de Gaulle- y Barcelona a finales de a\u00f1o.<\/p>\n<p><!--more--><img src=\"https:\/\/www.comunicatur.info\/wp-content\/uploads\/2017\/10\/webJoom-300x162.jpg\" alt=\"\" width=\"300\" height=\"162\" class=\"alignright size-medium wp-image-10956\" srcset=\"https:\/\/www.comunicatur.info\/wp-content\/uploads\/2017\/10\/webJoom-300x162.jpg 300w, https:\/\/www.comunicatur.info\/wp-content\/uploads\/2017\/10\/webJoom-768x415.jpg 768w, https:\/\/www.comunicatur.info\/wp-content\/uploads\/2017\/10\/webJoom-1024x554.jpg 1024w, https:\/\/www.comunicatur.info\/wp-content\/uploads\/2017\/10\/webJoom-600x324.jpg 600w, https:\/\/www.comunicatur.info\/wp-content\/uploads\/2017\/10\/webJoom.jpg 1920w\" sizes=\"(max-width: 300px) 100vw, 300px\" \/>La nueva aerol\u00ednea, que va dirigida a un p\u00fablico joven, toma el relevo de Air France en el Prat, lo que repercutir\u00e1 mucho m\u00e1s en el car\u00e1cter de bajo coste que ha adquirido el aeropuerto de Barcelona . A pesar de la marcha del Prat de la gran ense\u00f1a del grupo franc\u00e9s, los pasajeros de Joon podr\u00e1n conectar en Par\u00eds con vuelos de Air France. De hecho, la mitad de sus viajeros que llegan al Charles de Gaulle desde Barcelona cogen una conexi\u00f3n de larga distancia.<\/p>\n<p>La compa\u00f1\u00eda francesa ha anunciado que el 1 de diciembre deja paso a Joon y ya ha puesto a la venta los billetes a precios de oferta de 39 euros. Har\u00e1 la competencia a Level, la bajo coste de IAG. Vueling y EasyJet tambi\u00e9n vuelan a Par\u00eds desde el Prat.<\/p>\n<p>Air France ya cuenta con otras marcas a\u00e9reas dirigidas a segmentos espec\u00edficos, como Hop! y Transavia. En el caso de Joon, las caracter\u00edsticas que quieren dar sus dirigentes a la compa\u00f1\u00eda es un toque moderno, innovador, ecol\u00f3gico y respetuoso. Los viajeros podr\u00e1n consumir de forma gratuita agua, caf\u00e9 y zumos.<\/p>\n<p>Otra oferta para los clientes ser\u00e1 el acceso a contenidos en streaming para dispositivos m\u00f3viles y ordenadores durante el vuelo.<\/p>\n","protected":false},"excerpt":{"rendered":"<p>Joon, la nueva aerol\u00ednea low cost de Air France, se encargar\u00e1 de operar 51 vuelos semanales entre Par\u00eds -Charles de Gaulle- y Barcelona a finales de a\u00f1o. La nueva aerol\u00ednea, que va dirigida a un p\u00fablico joven, toma el relevo de Air France en el Prat, lo que repercutir\u00e1 mucho m\u00e1s en el car\u00e1cter de &hellip;<\/p>\n","protected":false},"author":1,"featured_media":0,"comment_status":"closed","ping_status":"open","sticky":false,"template":"","format":"standard","meta":[],"categories":[61,65],"tags":[],"_links":{"self":[{"href":"https:\/\/www.comunicatur.info\/es\/wp-json\/wp\/v2\/posts\/10958"}],"collection":[{"href":"https:\/\/www.comunicatur.info\/es\/wp-json\/wp\/v2\/posts"}],"about":[{"href":"https:\/\/www.comunicatur.info\/es\/wp-json\/wp\/v2\/types\/post"}],"author":[{"embeddable":true,"href":"https:\/\/www.comunicatur.info\/es\/wp-json\/wp\/v2\/users\/1"}],"replies":[{"embeddable":true,"href":"https:\/\/www.comunicatur.info\/es\/wp-json\/wp\/v2\/comments?post=10958"}],"version-history":[{"count":1,"href":"https:\/\/www.comunicatur.info\/es\/wp-json\/wp\/v2\/posts\/10958\/revisions"}],"predecessor-version":[{"id":10959,"href":"https:\/\/www.comunicatur.info\/es\/wp-json\/wp\/v2\/posts\/10958\/revisions\/10959"}],"wp:attachment":[{"href":"https:\/\/www.comunicatur.info\/es\/wp-json\/wp\/v2\/media?parent=10958"}],"wp:term":[{"taxonomy":"category","embeddable":true,"href":"https:\/\/www.comunicatur.info\/es\/wp-json\/wp\/v2\/categories?post=10958"},{"taxonomy":"post_tag","embeddable":true,"href":"https:\/\/www.comunicatur.info\/es\/wp-json\/wp\/v2\/tags?post=10958"}],"curies":[{"name":"wp","href":"https:\/\/api.w.org\/{rel}","templated":true}]}}