{"id":10940,"date":"2017-09-29T00:00:46","date_gmt":"2017-09-28T22:00:46","guid":{"rendered":"https:\/\/comunicatur.info\/?p=10940"},"modified":"2017-09-27T19:32:33","modified_gmt":"2017-09-27T17:32:33","slug":"las-pernoctaciones-hoteleras-caen-en-cataluna","status":"publish","type":"post","link":"https:\/\/www.comunicatur.info\/es\/las-pernoctaciones-hoteleras-caen-en-cataluna\/","title":{"rendered":"Las pernoctaciones hoteleras caen en Catalu\u00f1a"},"content":{"rendered":"<p>Los \u00faltimos datos sobre ocupaci\u00f3n hotelera y pernoctaciones en Catalu\u00f1a han dado un toque de atenci\u00f3n. El \u00faltimo mes contabilizado ha supuesto una ca\u00edda de medio punto tanto en el n\u00famero de clientes como en las pernoctaciones.<\/p>\n<p><!--more--><figure id=\"attachment_10628\" aria-describedby=\"caption-attachment-10628\" style=\"width: 300px\" class=\"wp-caption alignright\"><img src=\"https:\/\/www.comunicatur.info\/wp-content\/uploads\/2017\/07\/hotelcasinohardrockBiloxi-300x132.jpg\" alt=\"\" width=\"300\" height=\"132\" class=\"size-medium wp-image-10628\" srcset=\"https:\/\/www.comunicatur.info\/wp-content\/uploads\/2017\/07\/hotelcasinohardrockBiloxi-300x132.jpg 300w, https:\/\/www.comunicatur.info\/wp-content\/uploads\/2017\/07\/hotelcasinohardrockBiloxi-768x338.jpg 768w, https:\/\/www.comunicatur.info\/wp-content\/uploads\/2017\/07\/hotelcasinohardrockBiloxi-1024x451.jpg 1024w, https:\/\/www.comunicatur.info\/wp-content\/uploads\/2017\/07\/hotelcasinohardrockBiloxi-600x264.jpg 600w, https:\/\/www.comunicatur.info\/wp-content\/uploads\/2017\/07\/hotelcasinohardrockBiloxi.jpg 1250w\" sizes=\"(max-width: 300px) 100vw, 300px\" \/><figcaption id=\"caption-attachment-10628\" class=\"wp-caption-text\">Hard Rock Hotel Biloxi<\/figcaption><\/figure>Despu\u00e9s de meses con continuos crecimientos, en agosto, los establecimientos hoteleros han reducido el flujo respecto al a\u00f1o anterior. Los hoteles catalanes han alojado a 2,4 millones de viajeros, con 8,9 millones de pernoctaciones (-0,5% en ambas variables). Esta ca\u00edda de las pernoctaciones la han provocado los clientes catalanes (-4%) y sobre todo los del resto de Espa\u00f1a (-7,6%).<\/p>\n<p>Por el contrario los clientes extranjeros han aumentado el 1,6% sus pernoctaciones, lo que ha permitido aligerar el impacto del descenso. El mercado extranjero ha generado tres de cada cuatro pernoctaciones en los hoteles catalanes (71,1%).<\/p>\n<p>La facturaci\u00f3n media por habitaci\u00f3n ocupada en los establecimientos hoteleros de Catalu\u00f1a asciende a 111,6 euros, un 9,9% m\u00e1s que hace un a\u00f1o, y 94,4 euros por habitaci\u00f3n disponible,<br \/>\ncon incremento interanuales del 10%, datos correspondientes al mes de agosto.<\/p>\n<p>Por otra parte, en ese mismo mes el \u00edndice de ocupaci\u00f3n hotelera se ha elevado el 84,1% de las habitaciones, 0,2 puntos porcentuales menos que en agosto de 2016 (84,3%). La estancia media en agosto asciende a 3,7 pernoctaciones por viajero, similar a la registrada hace un a\u00f1o.<\/p>\n","protected":false},"excerpt":{"rendered":"<p>Los \u00faltimos datos sobre ocupaci\u00f3n hotelera y pernoctaciones en Catalu\u00f1a han dado un toque de atenci\u00f3n. El \u00faltimo mes contabilizado ha supuesto una ca\u00edda de medio punto tanto en el n\u00famero de clientes como en las pernoctaciones. Despu\u00e9s de meses con continuos crecimientos, en agosto, los establecimientos hoteleros han reducido el flujo respecto al a\u00f1o &hellip;<\/p>\n","protected":false},"author":1,"featured_media":0,"comment_status":"closed","ping_status":"open","sticky":false,"template":"","format":"standard","meta":[],"categories":[59,74],"tags":[],"_links":{"self":[{"href":"https:\/\/www.comunicatur.info\/es\/wp-json\/wp\/v2\/posts\/10940"}],"collection":[{"href":"https:\/\/www.comunicatur.info\/es\/wp-json\/wp\/v2\/posts"}],"about":[{"href":"https:\/\/www.comunicatur.info\/es\/wp-json\/wp\/v2\/types\/post"}],"author":[{"embeddable":true,"href":"https:\/\/www.comunicatur.info\/es\/wp-json\/wp\/v2\/users\/1"}],"replies":[{"embeddable":true,"href":"https:\/\/www.comunicatur.info\/es\/wp-json\/wp\/v2\/comments?post=10940"}],"version-history":[{"count":1,"href":"https:\/\/www.comunicatur.info\/es\/wp-json\/wp\/v2\/posts\/10940\/revisions"}],"predecessor-version":[{"id":10941,"href":"https:\/\/www.comunicatur.info\/es\/wp-json\/wp\/v2\/posts\/10940\/revisions\/10941"}],"wp:attachment":[{"href":"https:\/\/www.comunicatur.info\/es\/wp-json\/wp\/v2\/media?parent=10940"}],"wp:term":[{"taxonomy":"category","embeddable":true,"href":"https:\/\/www.comunicatur.info\/es\/wp-json\/wp\/v2\/categories?post=10940"},{"taxonomy":"post_tag","embeddable":true,"href":"https:\/\/www.comunicatur.info\/es\/wp-json\/wp\/v2\/tags?post=10940"}],"curies":[{"name":"wp","href":"https:\/\/api.w.org\/{rel}","templated":true}]}}