{"id":10936,"date":"2017-09-27T00:00:47","date_gmt":"2017-09-26T22:00:47","guid":{"rendered":"https:\/\/comunicatur.info\/?p=10936"},"modified":"2017-09-25T23:12:44","modified_gmt":"2017-09-25T21:12:44","slug":"los-catalanes-gastaron-este-ano-un-4-menos-en-sus-vacaciones-de-verano","status":"publish","type":"post","link":"https:\/\/www.comunicatur.info\/es\/los-catalanes-gastaron-este-ano-un-4-menos-en-sus-vacaciones-de-verano\/","title":{"rendered":"Los catalanes gastaron este a\u00f1o un 4% menos en sus vacaciones de verano"},"content":{"rendered":"<p>Los catalanes han realizado un gasto medio de 1.013\u20ac las pasadas vacaciones, lo que supone un 4% menos que el declarado en 2016. Esta cantidad se sit\u00faa por debajo de la media espa\u00f1ola que ha sido de 1.025\u20ac.<\/p>\n<p><!--more-->Estos datos los ha publicado el Observatorio Cetelem, bar\u00f3metro de consumo que analiza mes a mes el estado de los consumidores en distintas comunidades aut\u00f3nomas, en este caso Catalu\u00f1a. La encuesta explica que el 33% de los catalanes encuestados han hecho alg\u00fan viaje este verano aloj\u00e1ndose en hotel o apartamento y las tres primeras actividades m\u00e1s realizadas han sido: restaurantes con un 65% de menciones, compras con un 39%, e ir al cine el 36% de los catalanes.<\/p>\n<p>Seg\u00fan Cetelem \u201clos consumidores de Catalu\u00f1a han sido prudentes\u201d estas vacaciones con el gasto, aunque \u201chay un sentir generalizado de que el desembolso ha sido mayor en estas vacaciones de verano\u201d.<\/p>\n","protected":false},"excerpt":{"rendered":"<p>Los catalanes han realizado un gasto medio de 1.013\u20ac las pasadas vacaciones, lo que supone un 4% menos que el declarado en 2016. Esta cantidad se sit\u00faa por debajo de la media espa\u00f1ola que ha sido de 1.025\u20ac. Estos datos los ha publicado el Observatorio Cetelem, bar\u00f3metro de consumo que analiza mes a mes el &hellip;<\/p>\n","protected":false},"author":1,"featured_media":0,"comment_status":"closed","ping_status":"open","sticky":false,"template":"","format":"standard","meta":[],"categories":[74],"tags":[],"_links":{"self":[{"href":"https:\/\/www.comunicatur.info\/es\/wp-json\/wp\/v2\/posts\/10936"}],"collection":[{"href":"https:\/\/www.comunicatur.info\/es\/wp-json\/wp\/v2\/posts"}],"about":[{"href":"https:\/\/www.comunicatur.info\/es\/wp-json\/wp\/v2\/types\/post"}],"author":[{"embeddable":true,"href":"https:\/\/www.comunicatur.info\/es\/wp-json\/wp\/v2\/users\/1"}],"replies":[{"embeddable":true,"href":"https:\/\/www.comunicatur.info\/es\/wp-json\/wp\/v2\/comments?post=10936"}],"version-history":[{"count":1,"href":"https:\/\/www.comunicatur.info\/es\/wp-json\/wp\/v2\/posts\/10936\/revisions"}],"predecessor-version":[{"id":10937,"href":"https:\/\/www.comunicatur.info\/es\/wp-json\/wp\/v2\/posts\/10936\/revisions\/10937"}],"wp:attachment":[{"href":"https:\/\/www.comunicatur.info\/es\/wp-json\/wp\/v2\/media?parent=10936"}],"wp:term":[{"taxonomy":"category","embeddable":true,"href":"https:\/\/www.comunicatur.info\/es\/wp-json\/wp\/v2\/categories?post=10936"},{"taxonomy":"post_tag","embeddable":true,"href":"https:\/\/www.comunicatur.info\/es\/wp-json\/wp\/v2\/tags?post=10936"}],"curies":[{"name":"wp","href":"https:\/\/api.w.org\/{rel}","templated":true}]}}