{"id":10932,"date":"2017-09-26T00:00:51","date_gmt":"2017-09-25T22:00:51","guid":{"rendered":"https:\/\/comunicatur.info\/?p=10932"},"modified":"2017-09-25T19:12:41","modified_gmt":"2017-09-25T17:12:41","slug":"la-sagrada-familia-blindara-su-seguridad","status":"publish","type":"post","link":"https:\/\/www.comunicatur.info\/es\/la-sagrada-familia-blindara-su-seguridad\/","title":{"rendered":"La Sagrada Familia blindar\u00e1 su seguridad"},"content":{"rendered":"<p>El principal icono tur\u00edstico de Barcelona, la Sagrada Familia, reforzar\u00e1 la seguridad despu\u00e9s de estar en el punto de mira de posibles atentados terroristas. La polic\u00eda ha dado indicaciones en este sentido.<\/p>\n<p><!--more--><img src=\"https:\/\/www.comunicatur.info\/wp-content\/uploads\/2017\/09\/SagrdaFamilia-300x225.jpg\" alt=\"\" width=\"300\" height=\"225\" class=\"alignright size-medium wp-image-10930\" srcset=\"https:\/\/www.comunicatur.info\/wp-content\/uploads\/2017\/09\/SagrdaFamilia-300x225.jpg 300w, https:\/\/www.comunicatur.info\/wp-content\/uploads\/2017\/09\/SagrdaFamilia.jpg 512w\" sizes=\"(max-width: 300px) 100vw, 300px\" \/>Construir\u00e1 dos edificios destinados a aumentar los controles de acceso de los visitantes que estar\u00e1n listos a finales de a\u00f1o con m\u00e1s arcos y esc\u00e1neres. A partir de ese momento cambiar\u00e1n los protocolos de seguridad a pesar de que <a href=\"https:\/\/www.comunicatur.info\/es\/la-sagrada-familia-es-uno-de-los-iconos-turisticos-amenazados-por-el-terrorismo\/\" rel=\"noopener\" target=\"_blank\">desde los atentados de Barcelona y Cambrils la bas\u00edlica ha intensificado los controles.<\/a> M\u00e1s a\u00fan despu\u00e9s de que se conociera que los terroristas ten\u00edan como objetivo la propia Sagrada Familia.<\/p>\n<p><img src=\"https:\/\/www.comunicatur.info\/wp-content\/uploads\/2016\/08\/guies_sagradafamilia.jpg\" alt=\"\" width=\"300\" height=\"168\" class=\"alignright size-full wp-image-9154\" \/>La verdad es que las obras para incrementar la seguridad se iniciaron hace nueve meses. Los dos edificios estar\u00e1n situados a ambos lados de la escalinata principal de la portada del Nacimiento, a la altura de la calle. Un edificio ir\u00e1 destinado al control de los visitantes individuales y el segundo para los grupos. Seg\u00fan explican, el sistema ser\u00e1 similar al utilizado en el Vaticano, otro recinto religioso con una afluencia de visitantes multitudinaria.<\/p>\n<p>Tambi\u00e9n la polic\u00eda ha aumentado su presencia alrededor del templo. Hace pocas semanas saltaron las alarmas cuando un control de los Mossos de Esquadra activ\u00f3 un operativo por presunta amenaza. Evacu\u00f3 el templo y acordonado los alrededores hasta comprobar que se trataba de una falsa alarma. <a href=\"https:\/\/www.comunicatur.info\/es\/sagrada-familia-dispara-su-record-visitantes\/\" rel=\"noopener\" target=\"_blank\">La Sagrada Familia es un monumento de relevancia mundial<\/a> que lo visitan anualmente m\u00e1s de 4,5 millones personas.<\/p>\n","protected":false},"excerpt":{"rendered":"<p>El principal icono tur\u00edstico de Barcelona, la Sagrada Familia, reforzar\u00e1 la seguridad despu\u00e9s de estar en el punto de mira de posibles atentados terroristas. La polic\u00eda ha dado indicaciones en este sentido. Construir\u00e1 dos edificios destinados a aumentar los controles de acceso de los visitantes que estar\u00e1n listos a finales de a\u00f1o con m\u00e1s arcos &hellip;<\/p>\n","protected":false},"author":1,"featured_media":0,"comment_status":"closed","ping_status":"open","sticky":false,"template":"","format":"standard","meta":[],"categories":[62],"tags":[],"_links":{"self":[{"href":"https:\/\/www.comunicatur.info\/es\/wp-json\/wp\/v2\/posts\/10932"}],"collection":[{"href":"https:\/\/www.comunicatur.info\/es\/wp-json\/wp\/v2\/posts"}],"about":[{"href":"https:\/\/www.comunicatur.info\/es\/wp-json\/wp\/v2\/types\/post"}],"author":[{"embeddable":true,"href":"https:\/\/www.comunicatur.info\/es\/wp-json\/wp\/v2\/users\/1"}],"replies":[{"embeddable":true,"href":"https:\/\/www.comunicatur.info\/es\/wp-json\/wp\/v2\/comments?post=10932"}],"version-history":[{"count":1,"href":"https:\/\/www.comunicatur.info\/es\/wp-json\/wp\/v2\/posts\/10932\/revisions"}],"predecessor-version":[{"id":10933,"href":"https:\/\/www.comunicatur.info\/es\/wp-json\/wp\/v2\/posts\/10932\/revisions\/10933"}],"wp:attachment":[{"href":"https:\/\/www.comunicatur.info\/es\/wp-json\/wp\/v2\/media?parent=10932"}],"wp:term":[{"taxonomy":"category","embeddable":true,"href":"https:\/\/www.comunicatur.info\/es\/wp-json\/wp\/v2\/categories?post=10932"},{"taxonomy":"post_tag","embeddable":true,"href":"https:\/\/www.comunicatur.info\/es\/wp-json\/wp\/v2\/tags?post=10932"}],"curies":[{"name":"wp","href":"https:\/\/api.w.org\/{rel}","templated":true}]}}