{"id":10913,"date":"2017-09-20T00:00:00","date_gmt":"2017-09-19T22:00:00","guid":{"rendered":"https:\/\/comunicatur.info\/?p=10913"},"modified":"2017-09-19T15:54:53","modified_gmt":"2017-09-19T13:54:53","slug":"el-desastre-de-ryanair-estaria-provocado-por-la-perdida-de-pilotos","status":"publish","type":"post","link":"https:\/\/www.comunicatur.info\/es\/el-desastre-de-ryanair-estaria-provocado-por-la-perdida-de-pilotos\/","title":{"rendered":"El desastre de Ryanair estar\u00eda provocado por la p\u00e9rdida de pilotos"},"content":{"rendered":"<p>400.000 pasajeros perder\u00e1n sus vuelos con Ryanair hasta finales de octubre por los problemas de la compa\u00f1\u00eda que le han obligado a cancelar 1.700 vuelos en las pr\u00f3ximas siete semanas, 40 cada d\u00eda. El aeropuerto de El Prat ser\u00e1 uno de los m\u00e1s afectados con 10 vuelos anulados con origen o llegada a Barcelona.<\/p>\n<p><!--more--><img src=\"https:\/\/www.comunicatur.info\/wp-content\/uploads\/2008\/08\/Ryanair1.jpg\" alt=\"\" width=\"158\" height=\"48\" class=\"alignright size-full wp-image-566\" \/>El desastre en el transporte a\u00e9reo que est\u00e1 provocando Ryanair le puede pasar factura. Sus acciones ya est\u00e1n cayendo en bolsa y las indemnizaciones a las que deber\u00e1 hacer frente pueden ascender a 20 millones de euros.<\/p>\n<p>Los motivos de la suspensi\u00f3n podr\u00eda ser la marcha de 140 pilotos a Norwegian, la compa\u00f1\u00eda low-cost que est\u00e1 en plena fase de expansi\u00f3n y que hace de la competencia directa a la aerol\u00ednea irlandesa. Muchos de estos pilotos contratados durante este 2017 por Norwegian podr\u00edan tener como destino justamente Dubl\u00edn donde ha abierto una nueva base. Ryanair niega que el desastre al que se ha visto avocada la compa\u00f1\u00eda est\u00e9 relacionado con esta marcha de pilotos pero s\u00ed lo atribuye a un problema organizativo con el personal.<\/p>\n<p>Las autoridades comunitarias han advertido que estar\u00e1n vigilantes a c\u00f3mo evoluciona la afectaci\u00f3n a los consumidores y velar\u00e1 para que la aerol\u00ednea cumpla la legislaci\u00f3n europea y respete los derechos de los pasajeros con vuelos cancelados. Los clientes afectados tienen derecho al reembolso del dinero, obtener otro vuelo, a una compensaci\u00f3n, entre otros.<\/p>\n","protected":false},"excerpt":{"rendered":"<p>400.000 pasajeros perder\u00e1n sus vuelos con Ryanair hasta finales de octubre por los problemas de la compa\u00f1\u00eda que le han obligado a cancelar 1.700 vuelos en las pr\u00f3ximas siete semanas, 40 cada d\u00eda. El aeropuerto de El Prat ser\u00e1 uno de los m\u00e1s afectados con 10 vuelos anulados con origen o llegada a Barcelona. El &hellip;<\/p>\n","protected":false},"author":1,"featured_media":0,"comment_status":"closed","ping_status":"open","sticky":false,"template":"","format":"standard","meta":[],"categories":[61,65],"tags":[],"_links":{"self":[{"href":"https:\/\/www.comunicatur.info\/es\/wp-json\/wp\/v2\/posts\/10913"}],"collection":[{"href":"https:\/\/www.comunicatur.info\/es\/wp-json\/wp\/v2\/posts"}],"about":[{"href":"https:\/\/www.comunicatur.info\/es\/wp-json\/wp\/v2\/types\/post"}],"author":[{"embeddable":true,"href":"https:\/\/www.comunicatur.info\/es\/wp-json\/wp\/v2\/users\/1"}],"replies":[{"embeddable":true,"href":"https:\/\/www.comunicatur.info\/es\/wp-json\/wp\/v2\/comments?post=10913"}],"version-history":[{"count":1,"href":"https:\/\/www.comunicatur.info\/es\/wp-json\/wp\/v2\/posts\/10913\/revisions"}],"predecessor-version":[{"id":10914,"href":"https:\/\/www.comunicatur.info\/es\/wp-json\/wp\/v2\/posts\/10913\/revisions\/10914"}],"wp:attachment":[{"href":"https:\/\/www.comunicatur.info\/es\/wp-json\/wp\/v2\/media?parent=10913"}],"wp:term":[{"taxonomy":"category","embeddable":true,"href":"https:\/\/www.comunicatur.info\/es\/wp-json\/wp\/v2\/categories?post=10913"},{"taxonomy":"post_tag","embeddable":true,"href":"https:\/\/www.comunicatur.info\/es\/wp-json\/wp\/v2\/tags?post=10913"}],"curies":[{"name":"wp","href":"https:\/\/api.w.org\/{rel}","templated":true}]}}