{"id":10820,"date":"2017-08-18T10:34:23","date_gmt":"2017-08-18T08:34:23","guid":{"rendered":"https:\/\/comunicatur.info\/?p=10820"},"modified":"2017-08-18T17:25:29","modified_gmt":"2017-08-18T15:25:29","slug":"las-victimas-y-heridos-del-atentado-en-barcelona-son-de-24-nacionalidades-diferentes","status":"publish","type":"post","link":"https:\/\/www.comunicatur.info\/es\/las-victimas-y-heridos-del-atentado-en-barcelona-son-de-24-nacionalidades-diferentes\/","title":{"rendered":"Las v\u00edctimas y heridos del atentado en Barcelona ya son de 34 nacionalidades diferentes"},"content":{"rendered":"<p>Una de las prioridades de las autoridades est\u00e1 siendo la identificaci\u00f3n con celeridad de las v\u00edctimas y heridos del atentado de Barcelona. Est\u00e1n en contacto permanente con los diferentes consulados para facilitarles toda la informaci\u00f3n. En estos momentos son de 34 nacionalidades diferentes, muchos de ellos franceses.<\/p>\n<p>Han habilitado en el Hotel Gran V\u00eda Palace un lugar para atender a las personas afectadas y los hospitales, en los servicios de emergencia, est\u00e1n asistiendo a los familiares de las v\u00edctimas. Se mantiene el tel\u00e9fono gratuito 900 400 012 para atender las consultas de las personas afectadas.<br \/>\n<img src=\"https:\/\/www.comunicatur.info\/wp-content\/uploads\/2017\/08\/nacionalitatsvictimes-1024x768.jpg\" alt=\"\" width=\"602\" height=\"452\" class=\"aligncenter size-large wp-image-10830\" srcset=\"https:\/\/www.comunicatur.info\/wp-content\/uploads\/2017\/08\/nacionalitatsvictimes-1024x768.jpg 1024w, https:\/\/www.comunicatur.info\/wp-content\/uploads\/2017\/08\/nacionalitatsvictimes-300x225.jpg 300w, https:\/\/www.comunicatur.info\/wp-content\/uploads\/2017\/08\/nacionalitatsvictimes-768x576.jpg 768w, https:\/\/www.comunicatur.info\/wp-content\/uploads\/2017\/08\/nacionalitatsvictimes-600x450.jpg 600w, https:\/\/www.comunicatur.info\/wp-content\/uploads\/2017\/08\/nacionalitatsvictimes.jpg 1920w\" sizes=\"(max-width: 602px) 100vw, 602px\" \/><br \/>\nLos m\u00e9dicos forenses del Instituto de Medicina Legal y Ciencias Forenses del Departamento de Justicia contin\u00faan trabajando en la identificaci\u00f3n de las v\u00edctimas mortales que han llegado a la Ciudad de la Justicia, donde les practican la autopsia y otras pruebas para determinar su identidad.<\/p>\n<p>Equipos de psic\u00f3logos, trabajadores sociales y m\u00e9dicos forenses atienden a los familiares de las v\u00edctimas mortales. La Generalitat ha puesto a su disposici\u00f3n los traductores necesarios. Los cuerpos de las v\u00edctimas extranjeras se repatriar\u00e1n una vez identificadas con la autorizaci\u00f3n previa del juez.<\/p>\n","protected":false},"excerpt":{"rendered":"<p>Una de las prioridades de las autoridades est\u00e1 siendo la identificaci\u00f3n con celeridad de las v\u00edctimas y heridos del atentado de Barcelona. Est\u00e1n en contacto permanente con los diferentes consulados para facilitarles toda la informaci\u00f3n. En estos momentos son de 34 nacionalidades diferentes, muchos de ellos franceses. Han habilitado en el Hotel Gran V\u00eda Palace &hellip;<\/p>\n","protected":false},"author":1,"featured_media":0,"comment_status":"closed","ping_status":"open","sticky":false,"template":"","format":"standard","meta":[],"categories":[62],"tags":[],"_links":{"self":[{"href":"https:\/\/www.comunicatur.info\/es\/wp-json\/wp\/v2\/posts\/10820"}],"collection":[{"href":"https:\/\/www.comunicatur.info\/es\/wp-json\/wp\/v2\/posts"}],"about":[{"href":"https:\/\/www.comunicatur.info\/es\/wp-json\/wp\/v2\/types\/post"}],"author":[{"embeddable":true,"href":"https:\/\/www.comunicatur.info\/es\/wp-json\/wp\/v2\/users\/1"}],"replies":[{"embeddable":true,"href":"https:\/\/www.comunicatur.info\/es\/wp-json\/wp\/v2\/comments?post=10820"}],"version-history":[{"count":6,"href":"https:\/\/www.comunicatur.info\/es\/wp-json\/wp\/v2\/posts\/10820\/revisions"}],"predecessor-version":[{"id":10833,"href":"https:\/\/www.comunicatur.info\/es\/wp-json\/wp\/v2\/posts\/10820\/revisions\/10833"}],"wp:attachment":[{"href":"https:\/\/www.comunicatur.info\/es\/wp-json\/wp\/v2\/media?parent=10820"}],"wp:term":[{"taxonomy":"category","embeddable":true,"href":"https:\/\/www.comunicatur.info\/es\/wp-json\/wp\/v2\/categories?post=10820"},{"taxonomy":"post_tag","embeddable":true,"href":"https:\/\/www.comunicatur.info\/es\/wp-json\/wp\/v2\/tags?post=10820"}],"curies":[{"name":"wp","href":"https:\/\/api.w.org\/{rel}","templated":true}]}}