{"id":10805,"date":"2017-08-18T03:33:47","date_gmt":"2017-08-18T01:33:47","guid":{"rendered":"https:\/\/comunicatur.info\/?p=10805"},"modified":"2017-08-18T11:07:45","modified_gmt":"2017-08-18T09:07:45","slug":"ultima-hora-atentado-cambrils","status":"publish","type":"post","link":"https:\/\/www.comunicatur.info\/es\/ultima-hora-atentado-cambrils\/","title":{"rendered":"Cinco terroristas abatidos en Cambrils"},"content":{"rendered":"<p>Sobre las 01:30 de la madrugada, un dispositivo policial ha abatido a 5 terroristas en la poblaci\u00f3n tur\u00edstica de Cambrils en la Costa Dorada.<\/p>\n<p>Los 5 terroristas estaban intentando llevar a cabo otra acci\u00f3n similar a la sucedida horas antes en las Ramblas de Barcelona, queriendo atropellar a los transeuntes que se encontraban en ese momento en el paseo mar\u00edtimo de esta localidad.<\/p>\n<p>Gracias a la r\u00e1pida intervenci\u00f3n de los Mossos d&#8217;Esquadra ha evitado una acci\u00f3n mayor. Se han producido 7 heridos, con 2 personas de car\u00e1cter grave.<\/p>\n<p>Los explosivos que llevaban los terroristas adosados en unos cinturones han resultado ser simulados.<\/p>\n<blockquote class=\"twitter-tweet\" data-lang=\"es\">\n<p lang=\"es\" dir=\"ltr\">Confirmamos que el 5\u00ba terrorista abatido en <a href=\"https:\/\/twitter.com\/hashtag\/Cambrils?src=hash\" target=\"_blank\" rel=\"noopener\">#Cambrils<\/a> y que estaba herido, ha muerto \/ 5th terrorist wounded in <a href=\"https:\/\/twitter.com\/hashtag\/Cambrils?src=hash\" target=\"_blank\" rel=\"noopener\">#Cambrils<\/a> finally has died<\/p>\n<p>&mdash; Mossos (@mossos) <a href=\"https:\/\/twitter.com\/mossos\/status\/898364664278642688\" target=\"_blank\" rel=\"noopener\">18 de agosto de 2017<\/a><\/p><\/blockquote>\n<p><script async src=\"\/\/platform.twitter.com\/widgets.js\" charset=\"utf-8\"><\/script><\/p>\n<blockquote class=\"twitter-tweet\" data-lang=\"es\">\n<p lang=\"es\" dir=\"ltr\">Uno de los heridos en <a href=\"https:\/\/twitter.com\/hashtag\/Cambrils?src=hash\" target=\"_blank\" rel=\"noopener\">#Cambrils<\/a> se encuentra en estado cr\u00edtico informa <a href=\"https:\/\/twitter.com\/salutcat\" target=\"_blank\" rel=\"noopener\">@salutcat<\/a> <a href=\"https:\/\/twitter.com\/semgencat\" target=\"_blank\" rel=\"noopener\">@semgencat<\/a><\/p>\n<p>&mdash; 112 (@112) <a href=\"https:\/\/twitter.com\/112\/status\/898359221309382656\" target=\"_blank\" rel=\"noopener\">18 de agosto de 2017<\/a><\/p><\/blockquote>\n<p><script async src=\"\/\/platform.twitter.com\/widgets.js\" charset=\"utf-8\"><\/script><\/p>\n<blockquote class=\"twitter-tweet\" data-lang=\"es\">\n<p lang=\"es\" dir=\"ltr\">En los pr\u00f3ximos minutos tenemos previsto hacer varias explosiones controladas en <a href=\"https:\/\/twitter.com\/hashtag\/Cambrils?src=hash\" target=\"_blank\" rel=\"noopener\">#Cambrils<\/a>. Si oyes detonaciones NO te alarmes, controladas<\/p>\n<p>&mdash; Mossos (@mossos) <a href=\"https:\/\/twitter.com\/mossos\/status\/898355298330652672\" target=\"_blank\" rel=\"noopener\">18 de agosto de 2017<\/a><\/p><\/blockquote>\n<p><script async src=\"\/\/platform.twitter.com\/widgets.js\" charset=\"utf-8\"><\/script><\/p>\n<blockquote class=\"twitter-tweet\" data-lang=\"es\">\n<p lang=\"es\" dir=\"ltr\"><a href=\"https:\/\/twitter.com\/hashtag\/CAMBRILS?src=hash\" target=\"_blank\" rel=\"noopener\">#CAMBRILS<\/a> adem\u00e1s 4 terroristas muertos + 1 herido:<br \/>6 heridos (2 graves)  + 1 <a href=\"https:\/\/twitter.com\/mossos\" target=\"_blank\" rel=\"noopener\">@mossos<\/a> leve<br \/>Trasladados a Joan XXIII, Santa Tecla, Reus y CAP<\/p>\n<p>&mdash; Emerg\u00e8nciesCatalunya (@emergenciescat) <a href=\"https:\/\/twitter.com\/emergenciescat\/status\/898352353472020480\" target=\"_blank\" rel=\"noopener\">18 de agosto de 2017<\/a><\/p><\/blockquote>\n<p><script async src=\"\/\/platform.twitter.com\/widgets.js\" charset=\"utf-8\"><\/script><\/p>\n<blockquote class=\"twitter-tweet\" data-lang=\"es\">\n<p lang=\"es\" dir=\"ltr\">El dispositivo policial de <a href=\"https:\/\/twitter.com\/hashtag\/Cambrils?src=hash\" target=\"_blank\" rel=\"noopener\">#Cambrils<\/a> continua en marcha. Situaci\u00f3n bajo control. 4 presuntos autores abatidos y 1 herido que est\u00e1 detenido<\/p>\n<p>&mdash; Mossos (@mossos) <a href=\"https:\/\/twitter.com\/mossos\/status\/898349454893371392\" target=\"_blank\" rel=\"noopener\">18 de agosto de 2017<\/a><\/p><\/blockquote>\n<p><script async src=\"\/\/platform.twitter.com\/widgets.js\" charset=\"utf-8\"><\/script><\/p>\n<h2>Primeros v\u00eddeos:<\/h2>\n<blockquote class=\"twitter-video\" data-lang=\"es\">\n<p lang=\"es\" dir=\"ltr\"><a href=\"https:\/\/twitter.com\/tv3cat\" target=\"_blank\" rel=\"noopener\">@tv3cat<\/a>  informar de esto!!! <a href=\"https:\/\/twitter.com\/hashtag\/Barcelona?src=hash\" target=\"_blank\" rel=\"noopener\">#Barcelona<\/a> tiroteo <a href=\"https:\/\/twitter.com\/hashtag\/cambrils?src=hash\" target=\"_blank\" rel=\"noopener\">#cambrils<\/a> <a href=\"https:\/\/t.co\/czqodSdQJp\" target=\"_blank\">pic.twitter.com\/czqodSdQJp<\/a><\/p>\n<p>&mdash; Fabi\u00e1n N.G. (@Fabiaanng) <a href=\"https:\/\/twitter.com\/Fabiaanng\/status\/898332390866657282\" target=\"_blank\" rel=\"noopener\">17 de agosto de 2017<\/a><\/p><\/blockquote>\n<p><script async src=\"\/\/platform.twitter.com\/widgets.js\" charset=\"utf-8\"><\/script><\/p>\n<blockquote class=\"twitter-video\" data-lang=\"es\">\n<p lang=\"es\" dir=\"ltr\"><a href=\"https:\/\/twitter.com\/hashtag\/ULTIMAHORA?src=hash\" target=\"_blank\" rel=\"noopener\">#ULTIMAHORA<\/a> Frustran nuevo ataque terrorista contra peatones en paseo de <a href=\"https:\/\/twitter.com\/hashtag\/Cambrils?src=hash\" target=\"_blank\" rel=\"noopener\">#Cambrils<\/a>, fueron abatidos 4 terroristas. <a href=\"https:\/\/t.co\/bxv1moc3x3\" target=\"_blank\">pic.twitter.com\/bxv1moc3x3<\/a><\/p>\n<p>&mdash; Teledos (@teledos_tcs) <a href=\"https:\/\/twitter.com\/teledos_tcs\/status\/898342711152885760\" target=\"_blank\" rel=\"noopener\">18 de agosto de 2017<\/a><\/p><\/blockquote>\n<p><script async src=\"\/\/platform.twitter.com\/widgets.js\" charset=\"utf-8\"><\/script><\/p>\n","protected":false},"excerpt":{"rendered":"<p>Sobre las 01:30 de la madrugada, un dispositivo policial ha abatido a 5 terroristas en la poblaci\u00f3n tur\u00edstica de Cambrils en la Costa Dorada. Los 5 terroristas estaban intentando llevar a cabo otra acci\u00f3n similar a la sucedida horas antes en las Ramblas de Barcelona, queriendo atropellar a los transeuntes que se encontraban en ese &hellip;<\/p>\n","protected":false},"author":1,"featured_media":0,"comment_status":"closed","ping_status":"open","sticky":false,"template":"","format":"standard","meta":[],"categories":[62],"tags":[],"_links":{"self":[{"href":"https:\/\/www.comunicatur.info\/es\/wp-json\/wp\/v2\/posts\/10805"}],"collection":[{"href":"https:\/\/www.comunicatur.info\/es\/wp-json\/wp\/v2\/posts"}],"about":[{"href":"https:\/\/www.comunicatur.info\/es\/wp-json\/wp\/v2\/types\/post"}],"author":[{"embeddable":true,"href":"https:\/\/www.comunicatur.info\/es\/wp-json\/wp\/v2\/users\/1"}],"replies":[{"embeddable":true,"href":"https:\/\/www.comunicatur.info\/es\/wp-json\/wp\/v2\/comments?post=10805"}],"version-history":[{"count":8,"href":"https:\/\/www.comunicatur.info\/es\/wp-json\/wp\/v2\/posts\/10805\/revisions"}],"predecessor-version":[{"id":10823,"href":"https:\/\/www.comunicatur.info\/es\/wp-json\/wp\/v2\/posts\/10805\/revisions\/10823"}],"wp:attachment":[{"href":"https:\/\/www.comunicatur.info\/es\/wp-json\/wp\/v2\/media?parent=10805"}],"wp:term":[{"taxonomy":"category","embeddable":true,"href":"https:\/\/www.comunicatur.info\/es\/wp-json\/wp\/v2\/categories?post=10805"},{"taxonomy":"post_tag","embeddable":true,"href":"https:\/\/www.comunicatur.info\/es\/wp-json\/wp\/v2\/tags?post=10805"}],"curies":[{"name":"wp","href":"https:\/\/api.w.org\/{rel}","templated":true}]}}