{"id":10762,"date":"2017-08-09T00:00:31","date_gmt":"2017-08-08T22:00:31","guid":{"rendered":"https:\/\/comunicatur.info\/?p=10762"},"modified":"2017-08-09T12:06:59","modified_gmt":"2017-08-09T10:06:59","slug":"el-turista-es-un-criminal-2","status":"publish","type":"post","link":"https:\/\/www.comunicatur.info\/es\/el-turista-es-un-criminal-2\/","title":{"rendered":"El turista es un criminal"},"content":{"rendered":"<p>Esta afirmaci\u00f3n es la que se puede desprender de la campa\u00f1a que est\u00e1n impulsando movimientos de presi\u00f3n en algunas ciudades tur\u00edsticas, especialmente en la capital catalana.<\/p>\n<p><!--more--><img src=\"https:\/\/www.comunicatur.info\/wp-content\/uploads\/2017\/08\/image1-1-300x168.jpg\" alt=\"\" width=\"300\" height=\"168\" class=\"alignright size-medium wp-image-10763\" srcset=\"https:\/\/www.comunicatur.info\/wp-content\/uploads\/2017\/08\/image1-1-300x168.jpg 300w, https:\/\/www.comunicatur.info\/wp-content\/uploads\/2017\/08\/image1-1.jpg 576w\" sizes=\"(max-width: 300px) 100vw, 300px\" \/>Mensajes y pintadas del estilo \u00abEstimado turista: el balconing es divertido\u00bb; \u00abTurista m\u00e1rchate a casa\u00bb, \u00abFuera turistas del barrio\u00bb, \u00abTurista no eres bienvenido\u00bb, \u00abel barrio no se vende a los turistas\u00bb, y un largo etc. se han extendido por Barcelona. La criminalizaci\u00f3n del turismo la han alimentado unos determinados grupos ideol\u00f3gicos que han ido sumando adepto en diferentes espacios de descontento social. Incluso, defienden la idea de que el turismo no aporta riqueza. Han logrado convertir en el todo lo que \u00fanicamente representa una parte (las externalidades negativas).<\/p>\n<p>Esta situaci\u00f3n ha servido para demostrar la incapacidad del sector para dar ning\u00fan tipo de respuesta. Las organizaciones empresariales tur\u00edsticas van haciendo sus declaraciones sin ninguna estrategia ni coordinaci\u00f3n entre ellas. S\u00f3lo algunos articulistas y medios se ven con la obligaci\u00f3n de poner su granito de arena constatando los beneficios del turismo. Aparte de eso, <a href=\"https:\/\/www.comunicatur.info\/es\/turismo-por-primera-vez-el-problema-mas-grave-de-los-barceloneses\/\" target=\"_blank\">nada contrarresta la campa\u00f1a de los contrarios al turismo.<\/a> En este momento no hay debate, no hay contrastes de ideas porque el espacio lo monopoliza un \u00fanico bando. No hay partido y mientras el sector vaya obteniendo resultados hist\u00f3ricos, a\u00fan menos.<\/p>\n<p><strong>Ataque contra un Bus Tur\u00edstico de Barcelona<\/strong><br \/>\n<a href=\"https:\/\/www.comunicatur.info\/es\/manifestantes-antiturismo-atacan-hoteles-en-barcelona\/\" target=\"_blank\">La crispaci\u00f3n sobre el turismo est\u00e1 llegando a una situaci\u00f3n cr\u00edtica en Barcelona<\/a>. Uno de los \u00faltimos incidentes ha sido un nuevo asalto a un Bus Tur\u00edstico por parte de cuatro encapuchados. Llevaban cuchillos para pinchar las ruedas del autob\u00fas y le hicieron pintadas contrarias al turismo. Los turistas pensaron que se trataba de un atentado terrorista.<\/p>\n<p>La acci\u00f3n ha sido reivindicada por Arran, una facci\u00f3n juvenil de la formaci\u00f3n pol\u00edtica CUP. Este colectivo lleva a cabo una campa\u00f1a anti turismo tambi\u00e9n en Valencia y Palma. En la pintada se pod\u00eda leer \u00abel turismo mata los barrios\u00bb. La prensa internacional ya est\u00e1 haciendo eco de los violentos ataques de Barcelona.<\/p>\n","protected":false},"excerpt":{"rendered":"<p>Esta afirmaci\u00f3n es la que se puede desprender de la campa\u00f1a que est\u00e1n impulsando movimientos de presi\u00f3n en algunas ciudades tur\u00edsticas, especialmente en la capital catalana. Mensajes y pintadas del estilo \u00abEstimado turista: el balconing es divertido\u00bb; \u00abTurista m\u00e1rchate a casa\u00bb, \u00abFuera turistas del barrio\u00bb, \u00abTurista no eres bienvenido\u00bb, \u00abel barrio no se vende a &hellip;<\/p>\n","protected":false},"author":1,"featured_media":0,"comment_status":"closed","ping_status":"open","sticky":false,"template":"","format":"standard","meta":[],"categories":[62],"tags":[],"_links":{"self":[{"href":"https:\/\/www.comunicatur.info\/es\/wp-json\/wp\/v2\/posts\/10762"}],"collection":[{"href":"https:\/\/www.comunicatur.info\/es\/wp-json\/wp\/v2\/posts"}],"about":[{"href":"https:\/\/www.comunicatur.info\/es\/wp-json\/wp\/v2\/types\/post"}],"author":[{"embeddable":true,"href":"https:\/\/www.comunicatur.info\/es\/wp-json\/wp\/v2\/users\/1"}],"replies":[{"embeddable":true,"href":"https:\/\/www.comunicatur.info\/es\/wp-json\/wp\/v2\/comments?post=10762"}],"version-history":[{"count":1,"href":"https:\/\/www.comunicatur.info\/es\/wp-json\/wp\/v2\/posts\/10762\/revisions"}],"predecessor-version":[{"id":10764,"href":"https:\/\/www.comunicatur.info\/es\/wp-json\/wp\/v2\/posts\/10762\/revisions\/10764"}],"wp:attachment":[{"href":"https:\/\/www.comunicatur.info\/es\/wp-json\/wp\/v2\/media?parent=10762"}],"wp:term":[{"taxonomy":"category","embeddable":true,"href":"https:\/\/www.comunicatur.info\/es\/wp-json\/wp\/v2\/categories?post=10762"},{"taxonomy":"post_tag","embeddable":true,"href":"https:\/\/www.comunicatur.info\/es\/wp-json\/wp\/v2\/tags?post=10762"}],"curies":[{"name":"wp","href":"https:\/\/api.w.org\/{rel}","templated":true}]}}