{"id":10711,"date":"2017-07-28T00:00:23","date_gmt":"2017-07-27T22:00:23","guid":{"rendered":"https:\/\/comunicatur.info\/?p=10711"},"modified":"2017-07-25T14:13:09","modified_gmt":"2017-07-25T12:13:09","slug":"la-costa-brava-amplia-el-club-de-salud-y-bienestar-hacia-las-terapias-alternativas-y-la-alimentacion-saludable","status":"publish","type":"post","link":"https:\/\/www.comunicatur.info\/es\/la-costa-brava-amplia-el-club-de-salud-y-bienestar-hacia-las-terapias-alternativas-y-la-alimentacion-saludable\/","title":{"rendered":"La Costa Brava amplia el Club de Salud y bienestar hacia las terapias alternativas y la alimentaci\u00f3n saludable"},"content":{"rendered":"<p>El Club de Marketing de Salud y Bienestar de la Costa Brava y el Pirineo de Girona, impulsado por el Patronato de Turismo de la Diputaci\u00f3n de Girona, ha ampliado su oferta con la incorporaci\u00f3n de cuatro nuevos miembros:<br \/>\n<!--more--><br \/>\n\u2022\t<a href=\"https:\/\/hotelsantamarta.es\/\" target=\"_blank\" rel=\"noopener\">Hotel Spa Santa Marta<\/a> de Lloret de Mar<br \/>\n\u2022\t<a href=\"http:\/\/costabrava.clinicabofill.net\/es\/\" target=\"_blank\" rel=\"noopener\">Centro M\u00e9dico Cl\u00ednica Bofill Costa Brava<\/a> de Platja d\u2019Aro. Es un centro dependiente de la reconocida Cl\u00ednica Bofill de Girona, donde tiene diversos centros, as\u00ed como en Figueres.<br \/>\n\u2022\t<a href=\"http:\/\/www.aqvabanysvells.com\/\" target=\"_blank\" rel=\"noopener\">Aqva Banys Romans<\/a> de Girona, que es un centro de Spa que abri\u00f3 en noviembre de 2016.<br \/>\n\u2022\t<a href=\"http:\/\/www.filtraveldesigners.com\/es\/\" target=\"_blank\" rel=\"noopener\">Fil Mediterranean Travel Designers<\/a>, que es una agencia receptiva situada en Albons.<\/p>\n<p><img src=\"https:\/\/www.comunicatur.info\/wp-content\/uploads\/2017\/07\/Ioga.-Javi-Cabrera.-Arxiu-Imatges-PTCBG-03-300x200.jpg\" alt=\"\" width=\"300\" height=\"200\" class=\"alignright size-medium wp-image-10707\" srcset=\"https:\/\/www.comunicatur.info\/wp-content\/uploads\/2017\/07\/Ioga.-Javi-Cabrera.-Arxiu-Imatges-PTCBG-03-300x200.jpg 300w, https:\/\/www.comunicatur.info\/wp-content\/uploads\/2017\/07\/Ioga.-Javi-Cabrera.-Arxiu-Imatges-PTCBG-03-768x513.jpg 768w, https:\/\/www.comunicatur.info\/wp-content\/uploads\/2017\/07\/Ioga.-Javi-Cabrera.-Arxiu-Imatges-PTCBG-03-600x400.jpg 600w, https:\/\/www.comunicatur.info\/wp-content\/uploads\/2017\/07\/Ioga.-Javi-Cabrera.-Arxiu-Imatges-PTCBG-03.jpg 806w\" sizes=\"(max-width: 300px) 100vw, 300px\" \/>El Club ha ido evolucionando a lo largo de los a\u00f1os y estos nuevos socios significa incorporar empresas de Girona que trabajan en torno a las terapias alternativas y en el sector de la alimentaci\u00f3n saludable, dos conceptos que han ido generando m\u00e1s inter\u00e9s entre los amantes de este sector. La Mesa del Turismo calcula que este a\u00f1o Espa\u00f1a recibir\u00e1 3,5 millones de viajeros interesados en la Salud y el Bienestar, un viejo concepto que ha ido variando y ampliando su oferta, desde los tradicionales balnearios y centros de Spa hasta las nuevas tendencias, reflejadas, por ejemplo, en las terapias alternativas y la alimentaci\u00f3n saludable.<\/p>\n<p><img src=\"https:\/\/www.comunicatur.info\/wp-content\/uploads\/2017\/07\/Ioga.-Javi-Cabrera.-Arxiu-Imatges-PTCBG-300x200.jpg\" alt=\"\" width=\"300\" height=\"200\" class=\"alignleft size-medium wp-image-10708\" srcset=\"https:\/\/www.comunicatur.info\/wp-content\/uploads\/2017\/07\/Ioga.-Javi-Cabrera.-Arxiu-Imatges-PTCBG-300x200.jpg 300w, https:\/\/www.comunicatur.info\/wp-content\/uploads\/2017\/07\/Ioga.-Javi-Cabrera.-Arxiu-Imatges-PTCBG-768x512.jpg 768w, https:\/\/www.comunicatur.info\/wp-content\/uploads\/2017\/07\/Ioga.-Javi-Cabrera.-Arxiu-Imatges-PTCBG-600x400.jpg 600w, https:\/\/www.comunicatur.info\/wp-content\/uploads\/2017\/07\/Ioga.-Javi-Cabrera.-Arxiu-Imatges-PTCBG.jpg 837w\" sizes=\"(max-width: 300px) 100vw, 300px\" \/>Por ello, la idea del Patronato de Turismo es ir ampliando el Club, para dar respuesta a la demanda existente en la actualidad, ofreciendo as\u00ed la variedad y calidad de servicios que el Club garantiza. Para demostrarlo, la <a href=\"http:\/\/es.costabrava.org\/que-hacer\/salud-y-bienestar\" target=\"_blank\" rel=\"noopener\">secci\u00f3n de Salud y Bienestar del web del Patronato<\/a> est\u00e1 dividida en <em>Spas, Balnearios, Centros de bienestar y salud, Agencias de viajes receptivas, Centros m\u00e9dicos y Empresas de restauraci\u00f3n saludable<\/em>. Clicando sobre cada una de ellas, el visitante obtiene informaci\u00f3n de todos los centros y la forma de contactar con ellos.<\/p>\n","protected":false},"excerpt":{"rendered":"<p>El Club de Marketing de Salud y Bienestar de la Costa Brava y el Pirineo de Girona, impulsado por el Patronato de Turismo de la Diputaci\u00f3n de Girona, ha ampliado su oferta con la incorporaci\u00f3n de cuatro nuevos miembros: \u2022 Hotel Spa Santa Marta de Lloret de Mar \u2022 Centro M\u00e9dico Cl\u00ednica Bofill Costa Brava &hellip;<\/p>\n","protected":false},"author":1,"featured_media":0,"comment_status":"closed","ping_status":"open","sticky":false,"template":"","format":"standard","meta":[],"categories":[61,62],"tags":[],"_links":{"self":[{"href":"https:\/\/www.comunicatur.info\/es\/wp-json\/wp\/v2\/posts\/10711"}],"collection":[{"href":"https:\/\/www.comunicatur.info\/es\/wp-json\/wp\/v2\/posts"}],"about":[{"href":"https:\/\/www.comunicatur.info\/es\/wp-json\/wp\/v2\/types\/post"}],"author":[{"embeddable":true,"href":"https:\/\/www.comunicatur.info\/es\/wp-json\/wp\/v2\/users\/1"}],"replies":[{"embeddable":true,"href":"https:\/\/www.comunicatur.info\/es\/wp-json\/wp\/v2\/comments?post=10711"}],"version-history":[{"count":1,"href":"https:\/\/www.comunicatur.info\/es\/wp-json\/wp\/v2\/posts\/10711\/revisions"}],"predecessor-version":[{"id":10712,"href":"https:\/\/www.comunicatur.info\/es\/wp-json\/wp\/v2\/posts\/10711\/revisions\/10712"}],"wp:attachment":[{"href":"https:\/\/www.comunicatur.info\/es\/wp-json\/wp\/v2\/media?parent=10711"}],"wp:term":[{"taxonomy":"category","embeddable":true,"href":"https:\/\/www.comunicatur.info\/es\/wp-json\/wp\/v2\/categories?post=10711"},{"taxonomy":"post_tag","embeddable":true,"href":"https:\/\/www.comunicatur.info\/es\/wp-json\/wp\/v2\/tags?post=10711"}],"curies":[{"name":"wp","href":"https:\/\/api.w.org\/{rel}","templated":true}]}}