{"id":10685,"date":"2017-07-24T00:00:25","date_gmt":"2017-07-23T22:00:25","guid":{"rendered":"https:\/\/comunicatur.info\/?p=10685"},"modified":"2017-07-21T15:17:34","modified_gmt":"2017-07-21T13:17:34","slug":"cardona-inaugura-un-centro-de-convenciones-para-generar-un-impacto-de-8","status":"publish","type":"post","link":"https:\/\/www.comunicatur.info\/es\/cardona-inaugura-un-centro-de-convenciones-para-generar-un-impacto-de-8\/","title":{"rendered":"Cardona inaugura un centro de convenciones para generar un impacto de 8 M\u20ac"},"content":{"rendered":"<p>El nuevo Centro de Convenciones de Cardona ya es una realidad desde este mes de julio y se suma como nuevo eje tur\u00edstico del municipio a la Monta\u00f1a de Sal, el Castillo de Cardona y el Centro Hist\u00f3rico de la ciudad.<\/p>\n<p><!--more--><img src=\"https:\/\/www.comunicatur.info\/wp-content\/uploads\/2017\/07\/Auditori_cardona_Mice-300x225.jpg\" alt=\"\" width=\"300\" height=\"225\" class=\"alignright size-medium wp-image-10683\" srcset=\"https:\/\/www.comunicatur.info\/wp-content\/uploads\/2017\/07\/Auditori_cardona_Mice-300x225.jpg 300w, https:\/\/www.comunicatur.info\/wp-content\/uploads\/2017\/07\/Auditori_cardona_Mice-768x576.jpg 768w, https:\/\/www.comunicatur.info\/wp-content\/uploads\/2017\/07\/Auditori_cardona_Mice-600x450.jpg 600w, https:\/\/www.comunicatur.info\/wp-content\/uploads\/2017\/07\/Auditori_cardona_Mice.jpg 950w\" sizes=\"(max-width: 300px) 100vw, 300px\" \/>El turismo MICE entra as\u00ed en esta localidad de la provincia de Barcelona. El nuevo espacio, con capacidad para 400 congresistas y tres salas polivalentes, quiere generar un impacto econ\u00f3mico de 8 millones de euros en los pr\u00f3ximos 5 a\u00f1os. La infraestructura la ha impulsado el Ayuntamiento de Cardona y la Fundaci\u00f3n SHE, que preside el cardi\u00f3logo Valent\u00ed Fuster.<\/p>\n<p>La previsi\u00f3n del CCCardona es organizar hasta 54 congresos y reuniones durante los pr\u00f3ximos cinco a\u00f1os. La tem\u00e1tica de la salud ser\u00e1 uno de sus primeros objetivos a la hora de captar conferencias y congresos. Cardona se presenta como una alternativa a la ciudad de Barcelona en la organizaci\u00f3n de eventos.<\/p>\n<p>El director del centro de convenciones es Jaume Le\u00f3n, un profesional con una amplia experiencia en el mundo del turismo. El ayuntamiento, adem\u00e1s, ha contado con el asesoramiento de Pere Duran, que durante 17 a\u00f1os estuvo al frente de Turismo de Barcelona cuando la ciudad alcanz\u00f3 un gran \u00e9xito en la captaci\u00f3n de turismo de congresos.<\/p>\n","protected":false},"excerpt":{"rendered":"<p>El nuevo Centro de Convenciones de Cardona ya es una realidad desde este mes de julio y se suma como nuevo eje tur\u00edstico del municipio a la Monta\u00f1a de Sal, el Castillo de Cardona y el Centro Hist\u00f3rico de la ciudad. El turismo MICE entra as\u00ed en esta localidad de la provincia de Barcelona. El &hellip;<\/p>\n","protected":false},"author":1,"featured_media":0,"comment_status":"closed","ping_status":"open","sticky":false,"template":"","format":"standard","meta":[],"categories":[62],"tags":[],"_links":{"self":[{"href":"https:\/\/www.comunicatur.info\/es\/wp-json\/wp\/v2\/posts\/10685"}],"collection":[{"href":"https:\/\/www.comunicatur.info\/es\/wp-json\/wp\/v2\/posts"}],"about":[{"href":"https:\/\/www.comunicatur.info\/es\/wp-json\/wp\/v2\/types\/post"}],"author":[{"embeddable":true,"href":"https:\/\/www.comunicatur.info\/es\/wp-json\/wp\/v2\/users\/1"}],"replies":[{"embeddable":true,"href":"https:\/\/www.comunicatur.info\/es\/wp-json\/wp\/v2\/comments?post=10685"}],"version-history":[{"count":1,"href":"https:\/\/www.comunicatur.info\/es\/wp-json\/wp\/v2\/posts\/10685\/revisions"}],"predecessor-version":[{"id":10686,"href":"https:\/\/www.comunicatur.info\/es\/wp-json\/wp\/v2\/posts\/10685\/revisions\/10686"}],"wp:attachment":[{"href":"https:\/\/www.comunicatur.info\/es\/wp-json\/wp\/v2\/media?parent=10685"}],"wp:term":[{"taxonomy":"category","embeddable":true,"href":"https:\/\/www.comunicatur.info\/es\/wp-json\/wp\/v2\/categories?post=10685"},{"taxonomy":"post_tag","embeddable":true,"href":"https:\/\/www.comunicatur.info\/es\/wp-json\/wp\/v2\/tags?post=10685"}],"curies":[{"name":"wp","href":"https:\/\/api.w.org\/{rel}","templated":true}]}}