{"id":10653,"date":"2017-07-19T00:00:24","date_gmt":"2017-07-18T22:00:24","guid":{"rendered":"https:\/\/comunicatur.info\/?p=10653"},"modified":"2017-07-16T11:38:35","modified_gmt":"2017-07-16T09:38:35","slug":"movimientos-de-europcar-para-consolidarse-en-el-rent-car-europeo","status":"publish","type":"post","link":"https:\/\/www.comunicatur.info\/es\/movimientos-de-europcar-para-consolidarse-en-el-rent-car-europeo\/","title":{"rendered":"Movimientos de Europcar para consolidarse en el rent a car europeo"},"content":{"rendered":"<p>La francesa Europcar Group ha firmado un acuerdo para adquirir Goldcar, la compa\u00f1\u00eda de alquiler de coches de bajo coste m\u00e1s grande de Europa.<\/p>\n<p><!--more-->La adquisici\u00f3n significa un movimiento estrat\u00e9gico que abre al grupo a unos segmentos de gran crecimiento como el de ocio, vacacional y del bajo coste. Adem\u00e1s le permite crecer en la regi\u00f3n mediterr\u00e1nea. La operaci\u00f3n, que est\u00e1 sujeta a la aprobaci\u00f3n de las autoridades antimonopolio, se espera que pueda materializarse en el segundo semestre de este a\u00f1o.<\/p>\n<p>Europcar podr\u00e1 combinar Goldcar con InterRent y Buchbinder para potenciar una unidad de negocio en el bajo coste. Este movimiento forma parte de una estrategia global del grupo para alcanzar los 3.000 millones de euros de ingresos anuales a finales de 2020.<\/p>\n<p>Goldcar es la mayor empresa de alquiler de veh\u00edculo de bajo coste del mercado espa\u00f1ol y podr\u00eda estar valorada en 550 millones de euros. En 2016 factur\u00f3 240 millones de euros y dispone de 87 agencias comerciales.<\/p>\n","protected":false},"excerpt":{"rendered":"<p>La francesa Europcar Group ha firmado un acuerdo para adquirir Goldcar, la compa\u00f1\u00eda de alquiler de coches de bajo coste m\u00e1s grande de Europa. La adquisici\u00f3n significa un movimiento estrat\u00e9gico que abre al grupo a unos segmentos de gran crecimiento como el de ocio, vacacional y del bajo coste. Adem\u00e1s le permite crecer en la &hellip;<\/p>\n","protected":false},"author":1,"featured_media":0,"comment_status":"closed","ping_status":"open","sticky":false,"template":"","format":"standard","meta":[],"categories":[61],"tags":[],"_links":{"self":[{"href":"https:\/\/www.comunicatur.info\/es\/wp-json\/wp\/v2\/posts\/10653"}],"collection":[{"href":"https:\/\/www.comunicatur.info\/es\/wp-json\/wp\/v2\/posts"}],"about":[{"href":"https:\/\/www.comunicatur.info\/es\/wp-json\/wp\/v2\/types\/post"}],"author":[{"embeddable":true,"href":"https:\/\/www.comunicatur.info\/es\/wp-json\/wp\/v2\/users\/1"}],"replies":[{"embeddable":true,"href":"https:\/\/www.comunicatur.info\/es\/wp-json\/wp\/v2\/comments?post=10653"}],"version-history":[{"count":1,"href":"https:\/\/www.comunicatur.info\/es\/wp-json\/wp\/v2\/posts\/10653\/revisions"}],"predecessor-version":[{"id":10654,"href":"https:\/\/www.comunicatur.info\/es\/wp-json\/wp\/v2\/posts\/10653\/revisions\/10654"}],"wp:attachment":[{"href":"https:\/\/www.comunicatur.info\/es\/wp-json\/wp\/v2\/media?parent=10653"}],"wp:term":[{"taxonomy":"category","embeddable":true,"href":"https:\/\/www.comunicatur.info\/es\/wp-json\/wp\/v2\/categories?post=10653"},{"taxonomy":"post_tag","embeddable":true,"href":"https:\/\/www.comunicatur.info\/es\/wp-json\/wp\/v2\/tags?post=10653"}],"curies":[{"name":"wp","href":"https:\/\/api.w.org\/{rel}","templated":true}]}}