{"id":10599,"date":"2017-07-05T00:00:43","date_gmt":"2017-07-04T22:00:43","guid":{"rendered":"https:\/\/comunicatur.info\/?p=10599"},"modified":"2017-07-03T20:21:27","modified_gmt":"2017-07-03T18:21:27","slug":"acave-da-por-superada-la-crisis-anunciando-crecimientos-del-10-para-este-verano","status":"publish","type":"post","link":"https:\/\/www.comunicatur.info\/es\/acave-da-por-superada-la-crisis-anunciando-crecimientos-del-10-para-este-verano\/","title":{"rendered":"ACAVE da por superada la crisis anunciando crecimientos del 10% para este verano"},"content":{"rendered":"<p>El n\u00famero de reservas de viajes para este verano se consolida con el aumento del 10%, seg\u00fan la encuesta que ha realizado la Asociaci\u00f3n Catalana de Agencias de Viajes Especializadas (ACAVE). En la presentaci\u00f3n de los resultados de la encuesta, Mart\u00ed Sarrate, presidente de ACAVE, dio por acabada la crisis y constat\u00f3 que la recuperaci\u00f3n del sector es evidente. As\u00ed, por ejemplo, si durante la crisis se cerraron unas 5.000 agencias y puntos de venta en toda Espa\u00f1a, en la actualidad \u201cse est\u00e1n abriendo agencias en un n\u00famero similar, aunque son m\u00e1s micros y m\u00e1s especializadas\u201d.<\/p>\n<p><!--more--><img src=\"https:\/\/www.comunicatur.info\/wp-content\/uploads\/2017\/07\/CATIANA-TUR-I-MART\u00cd-SARRATE_3-300x202.jpg\" alt=\"\" width=\"300\" height=\"202\" class=\"alignright size-medium wp-image-10597\" srcset=\"https:\/\/www.comunicatur.info\/wp-content\/uploads\/2017\/07\/CATIANA-TUR-I-MART\u00cd-SARRATE_3-300x202.jpg 300w, https:\/\/www.comunicatur.info\/wp-content\/uploads\/2017\/07\/CATIANA-TUR-I-MART\u00cd-SARRATE_3.jpg 511w\" sizes=\"(max-width: 300px) 100vw, 300px\" \/>La encuesta prev\u00e9 que la tendencia al alza iniciada en a\u00f1os anteriores se consolide. Por ello, Mart\u00ed Sarrate cree que la temporada ser\u00e1 \u201cmuy buena\u201d y se superar\u00e1n las cifras r\u00e9cord de llegadas de turistas del a\u00f1o pasado. Entre los motivos del crecimiento, Sarrate cit\u00f3 una cierta recuperaci\u00f3n econ\u00f3mica, que a pesar de todo es evidente; el miedo a la p\u00e9rdida del trabajo, que ha disminuido considerablemente y al hecho que se han eliminado las ofertas de \u00faltimo minuto que existieron otros a\u00f1os, con un bombardeo constante de ofertas en los medios, que daban poco seriedad hacia el trabajo de las agencias.<\/p>\n<p>Se consolida tambi\u00e9n el hecho de que el consumidor reserve con m\u00e1s antelaci\u00f3n: un 50% de las reservas de vacaciones se hacen entre 3 y 6 meses antes y un 45% entre uno y tres meses de antelaci\u00f3n.<\/p>\n<p>La encuesta tambi\u00e9n recoge que la duraci\u00f3n de los viajes se ha alargado y se sit\u00faa entre los 8 y 15 d\u00edas de media, con un gasto de entre 1.500 y 2.500 euros por persona.<\/p>\n<p>Sobre los destinos m\u00e1s populares no hay demasiados cambios. Los viajes de larga duraci\u00f3n son los preferidos de las vacaciones de verano, siendo Asia uno de los continentes m\u00e1s demandados. Sarrate destac\u00f3 el incremento del Jap\u00f3n, debido a la bajada de precios de los vuelos a este pa\u00eds. Otros destinos demandados de larga distancia son Estados Unidos, Canad\u00e1, Cuba, M\u00e9xico y Costa Rica, gracias a los vuelos directos y en \u00c1frica, Kenia y Madagascar.<\/p>\n<p>En los destinos de media distancia destaca el hecho de la peque\u00f1a bajada de Par\u00eds y Londres, por el tema de los atentados, compensada por el aumento de los Pa\u00edses Escandinavos, sobre todo Islandia, y Rusia.<\/p>\n<p>En cuanto a los viajes nacionales, el sol y playa sigue siendo l\u00edder, con las islas Baleares en el primer lugar y Andaluc\u00eda en el segundo, avanzando a las islas Canarias. El norte de Espa\u00f1a es escogido por los turistas que quieren disfrutar del interior y de la monta\u00f1a.<\/p>\n<p>Finalmente Sarrate destac\u00f3 especialmente los cruceros por el Mediterr\u00e1neo, pero tambi\u00e9n los fluviales por Europa como productos muy demandados por la buena relaci\u00f3n calidad \/ precio y por las prestaciones y servicios que ofrecen las naves. <\/p>\n<p><strong>Una cincuentena de denuncias cada a\u00f1o por intrusismo<\/strong><br \/>\nComo es natural, Mart\u00ed Sarrate incidi\u00f3 en la garant\u00eda que suponen las agencias de viajes para los consumidores, ya que son las \u00fanicas que disponen de todas las garant\u00edas legales establecidas y adem\u00e1s, en caso de incidencias durante el viaje, trabajan para ofrecer soluciones a sus clientes. Tambi\u00e9n defienden los intereses de los pasajeros en casos de retrasos o cancelaciones de vuelos y record\u00f3 que todas las agencias asociadas a ACAVE est\u00e1n obligadas a cumplir el Codigo \u00c9tico de ACAVE.<\/p>\n<p>Ante la nueva normativa seg\u00fan la cual las agencias pasan a depender de Consumo y no de Turismo, reclam\u00f3 que la legislaci\u00f3n sea \u00fanica en todo el Estado, para evitar que cada Comunidad tenga la suya, con criterios muchas veces diferentes y acabar as\u00ed con el desmadre actual.<\/p>\n<p>Catiana Tur, gerente de ACAVE record\u00f3 que muchas plataformas y agencias de servicios acaban por ofrecer tambi\u00e9n viajes combinados, cuando la legislaci\u00f3n actual ha definido claramente que s\u00f3lo las agencias de viajes pueden hacerlo, \u201cmotivo por el cual cada a\u00f1o interponemos entre 40 y 50 denuncias por intrusismo\u00bb.<\/p>\n","protected":false},"excerpt":{"rendered":"<p>El n\u00famero de reservas de viajes para este verano se consolida con el aumento del 10%, seg\u00fan la encuesta que ha realizado la Asociaci\u00f3n Catalana de Agencias de Viajes Especializadas (ACAVE). En la presentaci\u00f3n de los resultados de la encuesta, Mart\u00ed Sarrate, presidente de ACAVE, dio por acabada la crisis y constat\u00f3 que la recuperaci\u00f3n &hellip;<\/p>\n","protected":false},"author":1,"featured_media":0,"comment_status":"closed","ping_status":"open","sticky":false,"template":"","format":"standard","meta":[],"categories":[66],"tags":[],"_links":{"self":[{"href":"https:\/\/www.comunicatur.info\/es\/wp-json\/wp\/v2\/posts\/10599"}],"collection":[{"href":"https:\/\/www.comunicatur.info\/es\/wp-json\/wp\/v2\/posts"}],"about":[{"href":"https:\/\/www.comunicatur.info\/es\/wp-json\/wp\/v2\/types\/post"}],"author":[{"embeddable":true,"href":"https:\/\/www.comunicatur.info\/es\/wp-json\/wp\/v2\/users\/1"}],"replies":[{"embeddable":true,"href":"https:\/\/www.comunicatur.info\/es\/wp-json\/wp\/v2\/comments?post=10599"}],"version-history":[{"count":1,"href":"https:\/\/www.comunicatur.info\/es\/wp-json\/wp\/v2\/posts\/10599\/revisions"}],"predecessor-version":[{"id":10600,"href":"https:\/\/www.comunicatur.info\/es\/wp-json\/wp\/v2\/posts\/10599\/revisions\/10600"}],"wp:attachment":[{"href":"https:\/\/www.comunicatur.info\/es\/wp-json\/wp\/v2\/media?parent=10599"}],"wp:term":[{"taxonomy":"category","embeddable":true,"href":"https:\/\/www.comunicatur.info\/es\/wp-json\/wp\/v2\/categories?post=10599"},{"taxonomy":"post_tag","embeddable":true,"href":"https:\/\/www.comunicatur.info\/es\/wp-json\/wp\/v2\/tags?post=10599"}],"curies":[{"name":"wp","href":"https:\/\/api.w.org\/{rel}","templated":true}]}}