{"id":10583,"date":"2017-07-14T00:00:10","date_gmt":"2017-07-13T22:00:10","guid":{"rendered":"https:\/\/comunicatur.info\/?p=10583"},"modified":"2017-07-11T13:42:06","modified_gmt":"2017-07-11T11:42:06","slug":"el-respeto-entre-residentes-y-turistas-fortalece-lloret-de-mar","status":"publish","type":"post","link":"https:\/\/www.comunicatur.info\/es\/el-respeto-entre-residentes-y-turistas-fortalece-lloret-de-mar\/","title":{"rendered":"El respeto entre residentes y turistas fortalece a Lloret de Mar"},"content":{"rendered":"<p>Fortalecer la relaci\u00f3n entre los residentes y los turistas es el objetivo de la campa\u00f1a de civismo <em><strong>\u201cCon respeto, en Lloret cabemos todos\u201d<\/strong><\/em> que ha presentado el Ayuntamiento de Lloret de Mar. La iniciativa, que ya es visible en diferentes espacios de la ciudad, pretende fomentar la convivencia en el municipio, desde una perspectiva positiva y desenfadada con el objetivo de hacer evidente la necesidad de un equilibrio entre residente y turista.<\/p>\n<p><!--more--><img src=\"https:\/\/www.comunicatur.info\/wp-content\/uploads\/2017\/07\/Lloret-de-Mar-presentaci\u00f3-campanya-mylloret-300x184.jpg\" alt=\"\" width=\"300\" height=\"184\" class=\"alignright size-medium wp-image-10578\" srcset=\"https:\/\/www.comunicatur.info\/wp-content\/uploads\/2017\/07\/Lloret-de-Mar-presentaci\u00f3-campanya-mylloret-300x184.jpg 300w, https:\/\/www.comunicatur.info\/wp-content\/uploads\/2017\/07\/Lloret-de-Mar-presentaci\u00f3-campanya-mylloret-600x367.jpg 600w, https:\/\/www.comunicatur.info\/wp-content\/uploads\/2017\/07\/Lloret-de-Mar-presentaci\u00f3-campanya-mylloret.jpg 750w\" sizes=\"(max-width: 300px) 100vw, 300px\" \/>El alcalde de Lloret de Mar, Jaume Dulsat explica que \u201cnos encontramos en un momento en que diferentes ciudades est\u00e1n viviendo un proceso de turismofobia. Lloret de Mar vive del turismo y siempre ha sido una ciudad hospitalaria y abierta; queremos continuar si\u00e9ndolo y por este motivo pensamos que hay que impulsar iniciativas como esta campa\u00f1a que buscan la corresponsabilidad tanto del residente como del visitante mostrando que con respeto todo el mundo tiene cabida en nuestra poblaci\u00f3n<\/p>\n<p><strong>Campa\u00f1a de verano <em>\u201cCon respeto, En Lloret cabemos todos\u201d<\/em><\/strong><br \/>\nLa campa\u00f1a de civismo es la primera iniciativa que se enmarca bajo la campa\u00f1a paraguas que es <strong>Lloret, HAZLO tuyo<\/strong>. La palabra respeto es clave de la campa\u00f1a para que, seg\u00fan el Ayuntamiento, tanto los que viven de noche como los de d\u00eda, los que quieren m\u00fasica como los que quieren silencio o los de primera hora de la ma\u00f1ana como los de madrugada puedan vivir su Lloret. <\/p>\n<p><img src=\"https:\/\/www.comunicatur.info\/wp-content\/uploads\/2017\/07\/mylloret5-300x195.jpg\" alt=\"\" width=\"300\" height=\"195\" class=\"alignleft size-medium wp-image-10579\" srcset=\"https:\/\/www.comunicatur.info\/wp-content\/uploads\/2017\/07\/mylloret5-300x195.jpg 300w, https:\/\/www.comunicatur.info\/wp-content\/uploads\/2017\/07\/mylloret5-600x390.jpg 600w, https:\/\/www.comunicatur.info\/wp-content\/uploads\/2017\/07\/mylloret5.jpg 750w\" sizes=\"(max-width: 300px) 100vw, 300px\" \/>Esta nueva iniciativa quiere establecer una relaci\u00f3n de amistad con la gente que la visita. Quiere que los lugare\u00f1os se sientan orgullosos de su ciudad y superen prejuicios, haciendo que emerja un sentimiento de pertenencia. Que cada uno viva el municipio a su manera, porque hay diferentes posibilidades de disfrutarlo, pero aprendiendo a compartirlo desde el respeto.<\/p>\n<p>La campa\u00f1a de civismo se dirige tanto a los visitantes que pasan unos d\u00edas en Lloret en temporada alta, los residentes y tambi\u00e9n a empresarios y principales agentes del sector tur\u00edstico que se pueden adherir a la iniciativa.<\/p>\n<p>En los \u00faltimos dos a\u00f1os, el Ayuntamiento ha impulsado campa\u00f1as con el objetivo de mejorar la percepci\u00f3n del municipio y romper t\u00f3picos asociados al municipio como son las campa\u00f1as de <a href=\"http:\/\/El respeto entre residentes y turistas fortalece a Lloret de Mar\" target=\"_blank\">\u201cVen. V\u00edvelo. Comparte Lloret\u201d<\/a> de 2014 o <a href=\"http:\/\/viu.lloretdemar.org\/?lang=es\" target=\"_blank\" rel=\"noopener\">\u201cLloret como a m\u00ed me gusta\u201c<\/a> en 2015. Ahora Lloret de Mar apuesta por propiciar una relaci\u00f3n enriquecedora entre residente y turista. La campa\u00f1a <strong>Lloret, HAZLO tuyo<\/strong> busca crear el sentimiento de pertenencia, el hecho de sentirse como en casa.<\/p>\n<p>Dulsat explica que \u201cen los \u00faltimos a\u00f1os hemos hecho mucha labor de comunicaci\u00f3n externa pero est\u00e1 claro que tambi\u00e9n hay que hacer un esfuerzo en comunicarnos con el visitante una vez est\u00e1 en nuestra casa\u201d.<\/p>\n","protected":false},"excerpt":{"rendered":"<p>Fortalecer la relaci\u00f3n entre los residentes y los turistas es el objetivo de la campa\u00f1a de civismo \u201cCon respeto, en Lloret cabemos todos\u201d que ha presentado el Ayuntamiento de Lloret de Mar. La iniciativa, que ya es visible en diferentes espacios de la ciudad, pretende fomentar la convivencia en el municipio, desde una perspectiva positiva &hellip;<\/p>\n","protected":false},"author":1,"featured_media":0,"comment_status":"closed","ping_status":"open","sticky":false,"template":"","format":"standard","meta":[],"categories":[62],"tags":[],"_links":{"self":[{"href":"https:\/\/www.comunicatur.info\/es\/wp-json\/wp\/v2\/posts\/10583"}],"collection":[{"href":"https:\/\/www.comunicatur.info\/es\/wp-json\/wp\/v2\/posts"}],"about":[{"href":"https:\/\/www.comunicatur.info\/es\/wp-json\/wp\/v2\/types\/post"}],"author":[{"embeddable":true,"href":"https:\/\/www.comunicatur.info\/es\/wp-json\/wp\/v2\/users\/1"}],"replies":[{"embeddable":true,"href":"https:\/\/www.comunicatur.info\/es\/wp-json\/wp\/v2\/comments?post=10583"}],"version-history":[{"count":2,"href":"https:\/\/www.comunicatur.info\/es\/wp-json\/wp\/v2\/posts\/10583\/revisions"}],"predecessor-version":[{"id":10585,"href":"https:\/\/www.comunicatur.info\/es\/wp-json\/wp\/v2\/posts\/10583\/revisions\/10585"}],"wp:attachment":[{"href":"https:\/\/www.comunicatur.info\/es\/wp-json\/wp\/v2\/media?parent=10583"}],"wp:term":[{"taxonomy":"category","embeddable":true,"href":"https:\/\/www.comunicatur.info\/es\/wp-json\/wp\/v2\/categories?post=10583"},{"taxonomy":"post_tag","embeddable":true,"href":"https:\/\/www.comunicatur.info\/es\/wp-json\/wp\/v2\/tags?post=10583"}],"curies":[{"name":"wp","href":"https:\/\/api.w.org\/{rel}","templated":true}]}}