{"id":10536,"date":"2017-06-28T00:00:40","date_gmt":"2017-06-27T22:00:40","guid":{"rendered":"https:\/\/comunicatur.info\/?p=10536"},"modified":"2017-06-21T11:58:10","modified_gmt":"2017-06-21T09:58:10","slug":"que-valor-tienen-las-95-playas-de-cataluna-con-bandera-azul","status":"publish","type":"post","link":"https:\/\/www.comunicatur.info\/es\/que-valor-tienen-las-95-playas-de-cataluna-con-bandera-azul\/","title":{"rendered":"\u00bfQu\u00e9 valor tienen las 95 playas de Catalu\u00f1a con Bandera Azul?"},"content":{"rendered":"<p>La temporada de verano se ha iniciado en Catalu\u00f1a con un total de 119 banderas azules, 95 para playas y 24 para puertos deportivos. El distintivo ha sido cuestionado a menudo por los criterios y controles que se aplican.<\/p>\n<p><img src=\"https:\/\/www.comunicatur.info\/wp-content\/uploads\/2017\/06\/Banderablavaazuljpg-300x167.jpg\" alt=\"\" width=\"300\" height=\"167\" class=\"alignright size-medium wp-image-10532\" srcset=\"https:\/\/www.comunicatur.info\/wp-content\/uploads\/2017\/06\/Banderablavaazuljpg-300x167.jpg 300w, https:\/\/www.comunicatur.info\/wp-content\/uploads\/2017\/06\/Banderablavaazuljpg.jpg 450w\" sizes=\"(max-width: 300px) 100vw, 300px\" \/><!--more-->La Bandera Azul la otorga un tribunal internacional de la FEE (Fundaci\u00f3n de Educaci\u00f3n Ambiental), con la colaboraci\u00f3n de la Asociaci\u00f3n de Educaci\u00f3n Ambiental y del Consumidor (Adeac), que gestiona la campa\u00f1a en Espa\u00f1a. Este galard\u00f3n, tiene cierto reconocimiento a nivel internacional, valora y en principio premia, la gesti\u00f3n ambiental y la seguridad, las instalaciones y la prestaci\u00f3n \u00f3ptima de los servicios y la informaci\u00f3n y la educaci\u00f3n ambiental. Asimismo, exige a las playas una calidad del agua excelente y a los puertos, una excelente gesti\u00f3n ambiental.<\/p>\n<p>Algunas voces cr\u00edticas recuerdan que Adeac no es ning\u00fan organismo p\u00fablico europeo, sino una entidad privada. Tambi\u00e9n critican algunos de los criterios para conseguir la bandera, no siempre exigentes. Desde hace tiempo municipios renunciaron al distintivo. El Ayuntamiento de Begur es uno de los que ya no participar\u00e1 en las banderas azules al considerar que sus criterios son poco rigurosos. Se suma a otros municipios de la Costa Brava como Roses, L&#8217;Escala o Cadaqu\u00e9s que ya decidieron no optar.<\/p>\n<p><img src=\"https:\/\/www.comunicatur.info\/wp-content\/uploads\/2014\/01\/SalouPlatjaEstiuVacaciones-300x154.jpg\" alt=\"\" width=\"300\" height=\"154\" class=\"alignleft size-medium wp-image-7491\" srcset=\"https:\/\/www.comunicatur.info\/wp-content\/uploads\/2014\/01\/SalouPlatjaEstiuVacaciones-300x154.jpg 300w, https:\/\/www.comunicatur.info\/wp-content\/uploads\/2014\/01\/SalouPlatjaEstiuVacaciones-600x309.jpg 600w, https:\/\/www.comunicatur.info\/wp-content\/uploads\/2014\/01\/SalouPlatjaEstiuVacaciones.jpg 726w\" sizes=\"(max-width: 300px) 100vw, 300px\" \/>La decisi\u00f3n de Begur ha llegado despu\u00e9s de que las playas de Sa Riera y Aiguablava perdieran el distintivo cuando seg\u00fan el alcalde se ofrecen exactamente los mismos servicios que el a\u00f1o anterior y no se ha cambiado absolutamente nada. Ahora tratar\u00e1n de cumplir con la ISO de Calidad para playas al considerarla m\u00e1s seria.<\/p>\n<p>Con todo, las zonas de ba\u00f1o de Catalu\u00f1a se pueden considerar excelentes. Durante el verano de 2016, el 94% de las zonas de ba\u00f1o litorales ha obtenido una calidad microbiol\u00f3gica del agua excelente, mientras que el 5% restante ha obtenido la clasificaci\u00f3n de buena, sin registrar ninguna playa con calificaci\u00f3n deficiente, seg\u00fan el balance de final de temporada de ba\u00f1o llevado a cabo por la Agencia Catalana del Agua.<\/p>\n<p><img src=\"https:\/\/www.comunicatur.info\/wp-content\/uploads\/2013\/07\/Costa_catalana.jpeg\" alt=\"\" width=\"163\" height=\"104\" class=\"alignright size-full wp-image-4610\" \/>Las banderas azules tambi\u00e9n se otorgan a los puertos deportivos. En el caso de Catalu\u00f1a la totalidad de las candidaturas presentadas, 24 puertos, han obtenido el distintivo.<\/p>\n<p><a href=\"http:\/\/www.adeac.es\/sites\/default\/files\/archivos\/RP_BA_2017\/E_0RELACION_DE_PLAYAS_GALARDONADAS_BA_2017.pdf\" target=\"_blank\" rel=\"noopener\">Relaci\u00f3n de playas con Bandera Azul 2017<\/a><br \/>\n<a href=\"http:\/\/www.adeac.es\/sites\/default\/files\/archivos\/RP_BA_2017\/E_1RELACION_DE_PUERTOS_GALARDONADOS_2017.pdf\" target=\"_blank\" rel=\"noopener\">Relaci\u00f3n de puertos deportivos con Bandera Azul 2017<\/a><\/p>\n","protected":false},"excerpt":{"rendered":"<p>La temporada de verano se ha iniciado en Catalu\u00f1a con un total de 119 banderas azules, 95 para playas y 24 para puertos deportivos. El distintivo ha sido cuestionado a menudo por los criterios y controles que se aplican. La Bandera Azul la otorga un tribunal internacional de la FEE (Fundaci\u00f3n de Educaci\u00f3n Ambiental), con &hellip;<\/p>\n","protected":false},"author":1,"featured_media":0,"comment_status":"closed","ping_status":"open","sticky":false,"template":"","format":"standard","meta":[],"categories":[62],"tags":[],"_links":{"self":[{"href":"https:\/\/www.comunicatur.info\/es\/wp-json\/wp\/v2\/posts\/10536"}],"collection":[{"href":"https:\/\/www.comunicatur.info\/es\/wp-json\/wp\/v2\/posts"}],"about":[{"href":"https:\/\/www.comunicatur.info\/es\/wp-json\/wp\/v2\/types\/post"}],"author":[{"embeddable":true,"href":"https:\/\/www.comunicatur.info\/es\/wp-json\/wp\/v2\/users\/1"}],"replies":[{"embeddable":true,"href":"https:\/\/www.comunicatur.info\/es\/wp-json\/wp\/v2\/comments?post=10536"}],"version-history":[{"count":1,"href":"https:\/\/www.comunicatur.info\/es\/wp-json\/wp\/v2\/posts\/10536\/revisions"}],"predecessor-version":[{"id":10537,"href":"https:\/\/www.comunicatur.info\/es\/wp-json\/wp\/v2\/posts\/10536\/revisions\/10537"}],"wp:attachment":[{"href":"https:\/\/www.comunicatur.info\/es\/wp-json\/wp\/v2\/media?parent=10536"}],"wp:term":[{"taxonomy":"category","embeddable":true,"href":"https:\/\/www.comunicatur.info\/es\/wp-json\/wp\/v2\/categories?post=10536"},{"taxonomy":"post_tag","embeddable":true,"href":"https:\/\/www.comunicatur.info\/es\/wp-json\/wp\/v2\/tags?post=10536"}],"curies":[{"name":"wp","href":"https:\/\/api.w.org\/{rel}","templated":true}]}}