{"id":10430,"date":"2017-06-08T00:00:17","date_gmt":"2017-06-07T22:00:17","guid":{"rendered":"https:\/\/comunicatur.info\/?p=10430"},"modified":"2017-06-06T14:52:24","modified_gmt":"2017-06-06T12:52:24","slug":"el-labturisme-de-la-diputacion-de-barcelona-presenta-los-datos-del-2016-en-una-util-infografia","status":"publish","type":"post","link":"https:\/\/www.comunicatur.info\/es\/el-labturisme-de-la-diputacion-de-barcelona-presenta-los-datos-del-2016-en-una-util-infografia\/","title":{"rendered":"El LabTurisme de la Diputaci\u00f3n de Barcelona presenta los datos del 2016 en una \u00fatil infograf\u00eda"},"content":{"rendered":"<p>Una vez m\u00e1s, la Diputaci\u00f3n de Barcelona, a trav\u00e9s del <strong>LabTurisme<\/strong>, pone al servicio de todos los profesionales del sector los datos tur\u00edsticos del a\u00f1o 2016 del Entorno de Barcelona en una infograf\u00eda muy clara y f\u00e1cil de interpretar. Recordemos que el <em><strong>Entorno de Barcelona<\/strong><\/em> significa que hace referencia a todas las comarcas de Barcelona con la excepci\u00f3n del Barcelon\u00e8s.<\/p>\n<p><img src=\"https:\/\/www.comunicatur.info\/wp-content\/uploads\/2017\/06\/info2diba16-300x186.jpg\" alt=\"\" width=\"300\" height=\"186\" class=\"alignright size-medium wp-image-10426\" srcset=\"https:\/\/www.comunicatur.info\/wp-content\/uploads\/2017\/06\/info2diba16-300x186.jpg 300w, https:\/\/www.comunicatur.info\/wp-content\/uploads\/2017\/06\/info2diba16-768x476.jpg 768w, https:\/\/www.comunicatur.info\/wp-content\/uploads\/2017\/06\/info2diba16-600x372.jpg 600w, https:\/\/www.comunicatur.info\/wp-content\/uploads\/2017\/06\/info2diba16.jpg 996w\" sizes=\"(max-width: 300px) 100vw, 300px\" \/><!--more--><a href=\"http:\/\/media.diba.cat\/diba\/labturisme\/entorn\/2017\/index-cast.html\" target=\"_blank\" rel=\"noopener\">La infograf\u00eda<\/a> comienza con los <strong>grandes datos generales<\/strong>, como los 4,7 millones de turistas, los 13,5 millones de pernoctaciones y la procedencia de estos turistas, divididos por Espa\u00f1a, Europa y resto del mundo, as\u00ed como la <strong>estancia media<\/strong> en los principales alojamientos.<\/p>\n<p>A continuaci\u00f3n hay los datos de <strong>distribuci\u00f3n comarcal de los turistas<\/strong>, donde vemos claramente que las comarcas de playa son las que tienen m\u00e1s turistas (Maresme 29,7% y  Baix Llobregat 27,4%). Les siguen el Vall\u00e8s Occidental (12,5%)  y el Garraf con un 10,5%.<\/p>\n<p>Seguidamente la infograf\u00eda informa del <strong>perfil del turista<\/strong> y encontramos tipolog\u00eda de alojamientos, motivaci\u00f3n de la visita, contrataci\u00f3n del viaje, repetitividad, fuentes de informaci\u00f3n consultadas y datos como sexo, media de edad y acompa\u00f1antes (en pareja, en pareja e hijos o solo\/a).<\/p>\n<p><img src=\"https:\/\/www.comunicatur.info\/wp-content\/uploads\/2017\/06\/infoDiba16-300x206.jpg\" alt=\"\" width=\"300\" height=\"206\" class=\"alignleft size-medium wp-image-10427\" srcset=\"https:\/\/www.comunicatur.info\/wp-content\/uploads\/2017\/06\/infoDiba16-300x206.jpg 300w, https:\/\/www.comunicatur.info\/wp-content\/uploads\/2017\/06\/infoDiba16-768x527.jpg 768w, https:\/\/www.comunicatur.info\/wp-content\/uploads\/2017\/06\/infoDiba16-600x412.jpg 600w, https:\/\/www.comunicatur.info\/wp-content\/uploads\/2017\/06\/infoDiba16.jpg 993w\" sizes=\"(max-width: 300px) 100vw, 300px\" \/>Las \u00faltimas informaciones de la infograf\u00eda hacen referencia a los <strong>lugares de inter\u00e9s<\/strong>, con el n\u00famero de visitantes a los principales lugares de inter\u00e9s. La Roca Village se sit\u00faa en el primer puesto, con 4,3 millones de visitantes, seguido del Monasterio de Montserrat con 2,5 millones y del Circuito de Barcelona Catalunya con 0,5 millones y <strong>los impactos econ\u00f3micos<\/strong> (gasto medio diario por persona en destino, gasto medio total por persona, ingresos por llegadas, n\u00famero de empresas del sector tur\u00edstico y n\u00famero de trabajadores del sector). <\/p>\n<p>Finalmente encontramos la <strong>distribuci\u00f3n comarcal de la tasa tur\u00edstica y la valoraci\u00f3n y reputaci\u00f3n<\/strong>, donde hay tres \u00edtems: identidad en l\u00ednea, satisfacci\u00f3n y reputaci\u00f3n en l\u00ednea.<\/p>\n<p>En definitiva, una herramienta visual muy clara e \u00fatil y que se puede bajar desde la web de la Diputaci\u00f3n de Barcelona.<\/p>\n<p><a href=\"http:\/\/media.diba.cat\/diba\/labturisme\/entorn\/2017\/index-cast.html\" target=\"_blank\" rel=\"noopener\">Quiero descargarme la infograf\u00eda<\/a><\/p>\n","protected":false},"excerpt":{"rendered":"<p>Una vez m\u00e1s, la Diputaci\u00f3n de Barcelona, a trav\u00e9s del LabTurisme, pone al servicio de todos los profesionales del sector los datos tur\u00edsticos del a\u00f1o 2016 del Entorno de Barcelona en una infograf\u00eda muy clara y f\u00e1cil de interpretar. Recordemos que el Entorno de Barcelona significa que hace referencia a todas las comarcas de Barcelona &hellip;<\/p>\n","protected":false},"author":1,"featured_media":0,"comment_status":"closed","ping_status":"open","sticky":false,"template":"","format":"standard","meta":[],"categories":[62,74],"tags":[],"_links":{"self":[{"href":"https:\/\/www.comunicatur.info\/es\/wp-json\/wp\/v2\/posts\/10430"}],"collection":[{"href":"https:\/\/www.comunicatur.info\/es\/wp-json\/wp\/v2\/posts"}],"about":[{"href":"https:\/\/www.comunicatur.info\/es\/wp-json\/wp\/v2\/types\/post"}],"author":[{"embeddable":true,"href":"https:\/\/www.comunicatur.info\/es\/wp-json\/wp\/v2\/users\/1"}],"replies":[{"embeddable":true,"href":"https:\/\/www.comunicatur.info\/es\/wp-json\/wp\/v2\/comments?post=10430"}],"version-history":[{"count":2,"href":"https:\/\/www.comunicatur.info\/es\/wp-json\/wp\/v2\/posts\/10430\/revisions"}],"predecessor-version":[{"id":10432,"href":"https:\/\/www.comunicatur.info\/es\/wp-json\/wp\/v2\/posts\/10430\/revisions\/10432"}],"wp:attachment":[{"href":"https:\/\/www.comunicatur.info\/es\/wp-json\/wp\/v2\/media?parent=10430"}],"wp:term":[{"taxonomy":"category","embeddable":true,"href":"https:\/\/www.comunicatur.info\/es\/wp-json\/wp\/v2\/categories?post=10430"},{"taxonomy":"post_tag","embeddable":true,"href":"https:\/\/www.comunicatur.info\/es\/wp-json\/wp\/v2\/tags?post=10430"}],"curies":[{"name":"wp","href":"https:\/\/api.w.org\/{rel}","templated":true}]}}