{"id":10277,"date":"2017-05-03T22:00:36","date_gmt":"2017-05-03T20:00:36","guid":{"rendered":"https:\/\/comunicatur.info\/?p=10277"},"modified":"2017-05-03T11:02:16","modified_gmt":"2017-05-03T09:02:16","slug":"en-marcha-la-costa-barcelona-week-que-tendra-lugar-entre-el-12-y-el-21-de-mayo","status":"publish","type":"post","link":"https:\/\/www.comunicatur.info\/es\/en-marcha-la-costa-barcelona-week-que-tendra-lugar-entre-el-12-y-el-21-de-mayo\/","title":{"rendered":"En marcha la \u2018Costa Barcelona Week\u2019, que tendr\u00e1 lugar entre el 12 y el 21 de mayo"},"content":{"rendered":"<p>La Diputaci\u00f3n de Barcelona, a trav\u00e9s de la gerencia de servicios de turismo pone en marcha la COSTA BARCELONA WEEK, diez d\u00edas para descubrir un territorio de fuertes sensaciones con el mar como punto de referencia. <\/p>\n<p><!--more-->Las fechas escogidas posibilitan que las acciones se lleven a cabo durante dos fines de semana seguidos, siendo el primero de ellos de gran importancia por la celebraci\u00f3n del Gran Premio de Espa\u00f1a de F\u00f3rmula 1 en el circuito de Barcelona Catalunya de Montmel\u00f3. <\/p>\n<p>Se est\u00e1n preparando una serie de acciones que tendr\u00e1n lugar en las seis comarcas barcelonesas con implicaciones en la marca tur\u00edstica COSTA BARCELONA: Maresme, Baix Llobregat, Garraf, Alt Pened\u00e8s, Vall\u00e8s Occidental y Vall\u00e8s Oriental. <\/p>\n<p><a href=\"http:\/\/www.barcelonaesmoltmes.cat\/es\/web\/agenda\/costa-barcelona-week\" target=\"_blank\" rel=\"noopener\"><img src=\"https:\/\/www.comunicatur.info\/wp-content\/uploads\/2017\/05\/costabarcelonaweek-300x206.jpg\" alt=\"\" width=\"300\" height=\"206\" class=\"alignright size-medium wp-image-10273\" srcset=\"https:\/\/www.comunicatur.info\/wp-content\/uploads\/2017\/05\/costabarcelonaweek-300x206.jpg 300w, https:\/\/www.comunicatur.info\/wp-content\/uploads\/2017\/05\/costabarcelonaweek.jpg 544w\" sizes=\"(max-width: 300px) 100vw, 300px\" \/><\/a>As\u00ed, por ejemplo, habr\u00e1n viajes internacionales de familiarizaci\u00f3n que comenzar\u00e1n en Vilanova i la Geltr\u00fa; una jornada en el Club de Golf el Prat, en Terrassa, para dar a conocer las propuestas de turismo deportivo de la marca y tambi\u00e9n se har\u00e1 una masterclass de golf; una jornada profesional para descubrir las nuevas tendencias del enoturismo (vinos ecol\u00f3gicos y biodin\u00e1micos); encuentro de bloggers internacionales; carrera ciclista de los propietarios de los campings de Costa Barcelona para recordar que los campings son lugares ideales para iniciarse en el mundo de la bici; workshops entre los operadores internacionales invitados a los fam trips y las empresas de la marca Costa Barcelona; otra jornada profesional para compartir experiencias relacionadas con la captaci\u00f3n de ecoturistas y an\u00e1lisis de los diferentes mercados internacionales m\u00e1s sensibles a esta tipolog\u00eda tur\u00edstica o un encuentro de instragramers en el Parque del Montnegre Corredor.<\/p>\n<p>Tambi\u00e9n habr\u00e1 actividades para todos, centradas en descubrir las opciones que ofrece la marca, como espacios naturales, enoturismo o patrimonio modernista.<\/p>\n<p><strong>Un ambicioso triple objetivo<\/strong><br \/>\nLa gerencia de turismo de la Diputaci\u00f3n de Barcelona tiene entre sus objetivos promover el posicionamiento de la marca tur\u00edstica Costa Barcelona. Y eso significa darla a conocer a tres niveles: en los mercados emisores, mejorando el conocimiento de la marca por parte de los ciudadanos de Catalu\u00f1a y de las propuestas tur\u00edsticas que pueden encontrar y finalmente generar un mayor sentimiento de pertenencia a esta marca tur\u00edstica entre los ciudadanos, las empresas y los gestores implicados en este destino.<\/p>\n<p>La Costa Barcelona Week cuenta tambi\u00e9n con la colaboraci\u00f3n de la Agencia Catalana de Turismo, Turismo de Barcelona y Turespa\u00f1a. <\/p>\n<p><a href=\"http:\/\/www.barcelonaesmoltmes.cat\/es\/web\/agenda\/costa-barcelona-week\" target=\"_blank\" rel=\"noopener\">Ver todas las acciones de la Costa Barcelona Week<\/a><\/p>\n","protected":false},"excerpt":{"rendered":"<p>La Diputaci\u00f3n de Barcelona, a trav\u00e9s de la gerencia de servicios de turismo pone en marcha la COSTA BARCELONA WEEK, diez d\u00edas para descubrir un territorio de fuertes sensaciones con el mar como punto de referencia. Las fechas escogidas posibilitan que las acciones se lleven a cabo durante dos fines de semana seguidos, siendo el &hellip;<\/p>\n","protected":false},"author":1,"featured_media":0,"comment_status":"closed","ping_status":"open","sticky":false,"template":"","format":"standard","meta":[],"categories":[62,63],"tags":[],"_links":{"self":[{"href":"https:\/\/www.comunicatur.info\/es\/wp-json\/wp\/v2\/posts\/10277"}],"collection":[{"href":"https:\/\/www.comunicatur.info\/es\/wp-json\/wp\/v2\/posts"}],"about":[{"href":"https:\/\/www.comunicatur.info\/es\/wp-json\/wp\/v2\/types\/post"}],"author":[{"embeddable":true,"href":"https:\/\/www.comunicatur.info\/es\/wp-json\/wp\/v2\/users\/1"}],"replies":[{"embeddable":true,"href":"https:\/\/www.comunicatur.info\/es\/wp-json\/wp\/v2\/comments?post=10277"}],"version-history":[{"count":2,"href":"https:\/\/www.comunicatur.info\/es\/wp-json\/wp\/v2\/posts\/10277\/revisions"}],"predecessor-version":[{"id":10279,"href":"https:\/\/www.comunicatur.info\/es\/wp-json\/wp\/v2\/posts\/10277\/revisions\/10279"}],"wp:attachment":[{"href":"https:\/\/www.comunicatur.info\/es\/wp-json\/wp\/v2\/media?parent=10277"}],"wp:term":[{"taxonomy":"category","embeddable":true,"href":"https:\/\/www.comunicatur.info\/es\/wp-json\/wp\/v2\/categories?post=10277"},{"taxonomy":"post_tag","embeddable":true,"href":"https:\/\/www.comunicatur.info\/es\/wp-json\/wp\/v2\/tags?post=10277"}],"curies":[{"name":"wp","href":"https:\/\/api.w.org\/{rel}","templated":true}]}}