{"id":10131,"date":"2017-04-28T00:00:20","date_gmt":"2017-04-27T22:00:20","guid":{"rendered":"https:\/\/comunicatur.info\/?p=10131"},"modified":"2017-05-03T11:02:35","modified_gmt":"2017-05-03T09:02:35","slug":"convocados-los-iii-premios-de-enoturismo-de-cataluna-2017","status":"publish","type":"post","link":"https:\/\/www.comunicatur.info\/es\/convocados-los-iii-premios-de-enoturismo-de-cataluna-2017\/","title":{"rendered":"Convocados los III Premios de Enoturismo de Catalu\u00f1a 2017"},"content":{"rendered":"<p>Hasta el 8 de mayo de 2017 se pueden presentar las candidaturas a los III Premios de Enoturismo de Catalu\u00f1a 2017.<\/p>\n<p><!--more-->Estos galardones tienen como objetivo recompensar aquellos proyectos llevados a cabo por empresas y\/o entidades relacionadas con el enoturismo que hayan contribuido a los intereses del sector enotur\u00edstico catal\u00e1n y al posicionamiento, la especializaci\u00f3n, la innovaci\u00f3n y la mejora de la calidad y la competitividad del enoturismo.<\/p>\n<p><img src=\"https:\/\/www.comunicatur.info\/wp-content\/uploads\/2017\/04\/enoturisme-300x300.jpg\" alt=\"\" width=\"200\" height=\"200\" class=\"alignright size-medium wp-image-10128\" srcset=\"https:\/\/www.comunicatur.info\/wp-content\/uploads\/2017\/04\/enoturisme-300x300.jpg 300w, https:\/\/www.comunicatur.info\/wp-content\/uploads\/2017\/04\/enoturisme-150x150.jpg 150w, https:\/\/www.comunicatur.info\/wp-content\/uploads\/2017\/04\/enoturisme-600x600.jpg 600w, https:\/\/www.comunicatur.info\/wp-content\/uploads\/2017\/04\/enoturisme.jpg 750w\" sizes=\"(max-width: 200px) 100vw, 200px\" \/>Las tres categor\u00edas a las que se puede optar son: Alojamientos y restauraci\u00f3n; Experiencias e innovaci\u00f3n; y Bodegas. Teniendo en cuenta la declaraci\u00f3n de 2017 como A\u00f1o del Turismo Sostenible, el jurado de los galardones valorar\u00e1 de forma particular aquellas actuaciones que tengan en cuenta y sean respetuosas con la sostenibilidad, en todas sus variantes y dentro del marco del enoturismo, y que ayuden a entender la relevancia de actuar con criterios sostenibles.<\/p>\n<p>Estos galardones, iniciativa de la Mesa del Enoturismo de Catalu\u00f1a, se entregan en el marco de la Noche del Enoturismo, que el a\u00f1o pasado se celebr\u00f3 en la Catedral del Vino de Pinell de Brai. Desde sus inicios, los premios ya han reconocido a un total de 13 iniciativas de todo el territorio.<\/p>\n<p>Esta es una de las acciones incluidas en el programa Enoturismo Catalu\u00f1a con el que se quiere situar el mundo del vino como un producto tur\u00edstico de primer nivel a nivel internacional.<\/p>\n<p><a href=\"http:\/\/empresa.gencat.cat\/es\/tramits\/tramits-temes\/20013-premis-enoturisme-catalunya?evolutiuTramit=1\" target=\"_blank\" rel=\"noopener\">Aqu\u00ed consulta todos los detalles para la participaci\u00f3n en estos premios<\/a><\/p>\n<p>Acceso a la noticia de los <a href=\"https:\/\/www.comunicatur.info\/es\/los-premios-de-enoturismo-de-cataluna-destacan-las-mejores-iniciativas-del-ano\/\" target=\"_blank\">Premios de Enoturismo de Catalu\u00f1a Edici\u00f3n 2016<\/a><\/p>\n","protected":false},"excerpt":{"rendered":"<p>Hasta el 8 de mayo de 2017 se pueden presentar las candidaturas a los III Premios de Enoturismo de Catalu\u00f1a 2017. Estos galardones tienen como objetivo recompensar aquellos proyectos llevados a cabo por empresas y\/o entidades relacionadas con el enoturismo que hayan contribuido a los intereses del sector enotur\u00edstico catal\u00e1n y al posicionamiento, la especializaci\u00f3n, &hellip;<\/p>\n","protected":false},"author":1,"featured_media":0,"comment_status":"closed","ping_status":"open","sticky":false,"template":"","format":"standard","meta":[],"categories":[62,61],"tags":[],"_links":{"self":[{"href":"https:\/\/www.comunicatur.info\/es\/wp-json\/wp\/v2\/posts\/10131"}],"collection":[{"href":"https:\/\/www.comunicatur.info\/es\/wp-json\/wp\/v2\/posts"}],"about":[{"href":"https:\/\/www.comunicatur.info\/es\/wp-json\/wp\/v2\/types\/post"}],"author":[{"embeddable":true,"href":"https:\/\/www.comunicatur.info\/es\/wp-json\/wp\/v2\/users\/1"}],"replies":[{"embeddable":true,"href":"https:\/\/www.comunicatur.info\/es\/wp-json\/wp\/v2\/comments?post=10131"}],"version-history":[{"count":1,"href":"https:\/\/www.comunicatur.info\/es\/wp-json\/wp\/v2\/posts\/10131\/revisions"}],"predecessor-version":[{"id":10132,"href":"https:\/\/www.comunicatur.info\/es\/wp-json\/wp\/v2\/posts\/10131\/revisions\/10132"}],"wp:attachment":[{"href":"https:\/\/www.comunicatur.info\/es\/wp-json\/wp\/v2\/media?parent=10131"}],"wp:term":[{"taxonomy":"category","embeddable":true,"href":"https:\/\/www.comunicatur.info\/es\/wp-json\/wp\/v2\/categories?post=10131"},{"taxonomy":"post_tag","embeddable":true,"href":"https:\/\/www.comunicatur.info\/es\/wp-json\/wp\/v2\/tags?post=10131"}],"curies":[{"name":"wp","href":"https:\/\/api.w.org\/{rel}","templated":true}]}}