{"id":10122,"date":"2017-04-27T00:00:11","date_gmt":"2017-04-26T22:00:11","guid":{"rendered":"https:\/\/comunicatur.info\/?p=10122"},"modified":"2017-05-01T21:58:12","modified_gmt":"2017-05-01T19:58:12","slug":"1-000-millones-de-dolares-de-financiacion-extra-para-airbnb","status":"publish","type":"post","link":"https:\/\/www.comunicatur.info\/es\/1-000-millones-de-dolares-de-financiacion-extra-para-airbnb\/","title":{"rendered":"1.000 millones de d\u00f3lares de financiaci\u00f3n extra para Airbnb"},"content":{"rendered":"<p>La plataforma Airbnb sigue sumando inversores sin necesidad de salir a bolsa. En la \u00faltima ronda de financiaci\u00f3n ha levantado hasta 1.000 millones de d\u00f3lares.<\/p>\n<p><img src=\"https:\/\/www.comunicatur.info\/wp-content\/uploads\/2017\/04\/logoAirbnb.jpg\" alt=\"\" width=\"149\" height=\"152\" class=\"alignright size-full wp-image-10119\" \/><!--more-->El dinero, aportado por parte de inversores que no se han hecho p\u00fablicos, ha llegado en dos fases. Una primera fase, el pasado mes de septiembre de m\u00e1s de 500 millones y, en una segunda, este primer trimestre con cerca de 500 millones m\u00e1s. Airbnb est\u00e1 valorada en 31.000 millones de d\u00f3lares.<\/p>\n<p>La compa\u00f1\u00eda ha utilizado el recurso de la ronda de inversiones en tres ocasiones desde su creaci\u00f3n en 2008. Seg\u00fan informa Expansi\u00f3n, habr\u00eda recaudado 3.000 millones. Con esta inyecci\u00f3n econ\u00f3mica de los inversores, m\u00e1s una l\u00ednea de cr\u00e9dito de 1.000 millones m\u00e1s, la plataforma puede continuar su expansi\u00f3n sin afrontar una salida a bolsa.<\/p>\n<p><img src=\"https:\/\/www.comunicatur.info\/wp-content\/uploads\/2014\/01\/UBER_bcn1-300x205.png\" alt=\"\" width=\"300\" height=\"205\" class=\"alignleft size-medium wp-image-6627\" srcset=\"https:\/\/www.comunicatur.info\/wp-content\/uploads\/2014\/01\/UBER_bcn1-300x205.png 300w, https:\/\/www.comunicatur.info\/wp-content\/uploads\/2014\/01\/UBER_bcn1.png 460w\" sizes=\"(max-width: 300px) 100vw, 300px\" \/>Una empresa de la mismas caracter\u00edsticas como es Uber tampoco ha salido a bolsa. En este caso se trata de la mayor compa\u00f1\u00eda estadounidense no cotizada, valorada en 68.000 millones de d\u00f3lares. La plataforma de alquiler de habitaciones, por su parte, es la segunda no cotizada m\u00e1s importante en Estados Unidos.<\/p>\n<p>Los expertos econ\u00f3micos recuerdan que en el caso de Airbnb, adem\u00e1s, se trata de una empresa que ya en el a\u00f1o 2016 entr\u00f3 en rentabilidad con un ebitda positivo.<\/p>\n","protected":false},"excerpt":{"rendered":"<p>La plataforma Airbnb sigue sumando inversores sin necesidad de salir a bolsa. En la \u00faltima ronda de financiaci\u00f3n ha levantado hasta 1.000 millones de d\u00f3lares. El dinero, aportado por parte de inversores que no se han hecho p\u00fablicos, ha llegado en dos fases. Una primera fase, el pasado mes de septiembre de m\u00e1s de 500 &hellip;<\/p>\n","protected":false},"author":1,"featured_media":0,"comment_status":"closed","ping_status":"open","sticky":false,"template":"","format":"standard","meta":[],"categories":[61,66],"tags":[],"_links":{"self":[{"href":"https:\/\/www.comunicatur.info\/es\/wp-json\/wp\/v2\/posts\/10122"}],"collection":[{"href":"https:\/\/www.comunicatur.info\/es\/wp-json\/wp\/v2\/posts"}],"about":[{"href":"https:\/\/www.comunicatur.info\/es\/wp-json\/wp\/v2\/types\/post"}],"author":[{"embeddable":true,"href":"https:\/\/www.comunicatur.info\/es\/wp-json\/wp\/v2\/users\/1"}],"replies":[{"embeddable":true,"href":"https:\/\/www.comunicatur.info\/es\/wp-json\/wp\/v2\/comments?post=10122"}],"version-history":[{"count":1,"href":"https:\/\/www.comunicatur.info\/es\/wp-json\/wp\/v2\/posts\/10122\/revisions"}],"predecessor-version":[{"id":10123,"href":"https:\/\/www.comunicatur.info\/es\/wp-json\/wp\/v2\/posts\/10122\/revisions\/10123"}],"wp:attachment":[{"href":"https:\/\/www.comunicatur.info\/es\/wp-json\/wp\/v2\/media?parent=10122"}],"wp:term":[{"taxonomy":"category","embeddable":true,"href":"https:\/\/www.comunicatur.info\/es\/wp-json\/wp\/v2\/categories?post=10122"},{"taxonomy":"post_tag","embeddable":true,"href":"https:\/\/www.comunicatur.info\/es\/wp-json\/wp\/v2\/tags?post=10122"}],"curies":[{"name":"wp","href":"https:\/\/api.w.org\/{rel}","templated":true}]}}