{"id":10091,"date":"2017-04-24T00:00:52","date_gmt":"2017-04-23T22:00:52","guid":{"rendered":"https:\/\/comunicatur.info\/?p=10091"},"modified":"2017-04-20T23:15:09","modified_gmt":"2017-04-20T21:15:09","slug":"el-sector-de-la-discapacidad-reclama-en-el-ano-del-turismo-sostenible-mas-establecimientos-accesibles","status":"publish","type":"post","link":"https:\/\/www.comunicatur.info\/es\/el-sector-de-la-discapacidad-reclama-en-el-ano-del-turismo-sostenible-mas-establecimientos-accesibles\/","title":{"rendered":"El sector de la discapacidad reclama en el A\u00f1o del Turismo Sostenible m\u00e1s establecimientos accesibles"},"content":{"rendered":"<p>El Comit\u00e9 Catal\u00e1n de Representantes de las Personas con Discapacidad (COCARMI) pide a las administraciones y al sector tur\u00edstico unas infraestructuras y servicios inclusivos y accesibles para personas con discapacidad.<\/p>\n<p><!--more-->COCARMI, que est\u00e1 integrado por una decena de federaciones y asociaciones catalanas, recuerda que estamos en el A\u00f1o del Turismo Sostenible y defiende el derecho de todas las personas a disfrutar del tiempo de ocio. En este sentido, reclaman que la tasa tur\u00edstica se dedique a ampliar la oferta de establecimientos accesibles y a facilitar la autonom\u00eda personal de las personas con discapacidad dentro de los establecimientos.<\/p>\n<p>Tambi\u00e9n pide al sector tur\u00edstico que incorpore a sus plantillas personas con discapacidad, especialmente aquellas empresas que tienen la obligaci\u00f3n legal (a partir de 50 trabajadores, al menos el 2% deben ser personas con discapacidad).<\/p>\n<p>Por otra parte, este Comit\u00e9 ha criticado que el Parlamento de Catalu\u00f1a no haya recogido la modificaci\u00f3n que propon\u00edan de eximir a las personas con discapacidad y sus acompa\u00f1antes del pago de la tasa tur\u00edstica. Explican que la ley s\u00ed lo prev\u00e9 para las personas que realicen estancias en los alojamientos tur\u00edsticos por motivos de salud. En su caso, dicen, supondr\u00e1 un sobrecoste m\u00e1s que dificultar\u00e1 a las personas con discapacidad disfrutar del ocio.<\/p>\n<p>Los representantes de las personas con discapacidad afirman que \u00abeste compromiso con la accesibilidad universal no s\u00f3lo beneficiar\u00e1 al colectivo de personas con discapacidad sino el conjunto de la sociedad, ya que el aumento de la esperanza de vida hace que el porcentaje de personas mayores crezca cada vez m\u00e1s y, por tanto, tambi\u00e9n las necesidades de accesibilidad\u00bb. En este contexto COCARMI considera una inversi\u00f3n de futuro para los empresarios porque con esta demanda creciente \u00abes rentable invertir\u00bb.<\/p>\n<p>Seg\u00fan datos de 2015 del departamento de Bienestar Social en Catalu\u00f1a hay 514.886 personas con alguna discapacidad legalmente reconocida. Diez a\u00f1os antes el n\u00famero de personas con discapacidad era de 356.530, en una d\u00e9cada el colectivo ha crecido m\u00e1s de un 44%. En Espa\u00f1a son 3,8 millones de personas las que tienen alg\u00fan tipo de discapacidad f\u00edsica, intelectual, sensorial o de trastorno mental.<\/p>\n","protected":false},"excerpt":{"rendered":"<p>El Comit\u00e9 Catal\u00e1n de Representantes de las Personas con Discapacidad (COCARMI) pide a las administraciones y al sector tur\u00edstico unas infraestructuras y servicios inclusivos y accesibles para personas con discapacidad. COCARMI, que est\u00e1 integrado por una decena de federaciones y asociaciones catalanas, recuerda que estamos en el A\u00f1o del Turismo Sostenible y defiende el derecho &hellip;<\/p>\n","protected":false},"author":1,"featured_media":0,"comment_status":"closed","ping_status":"open","sticky":false,"template":"","format":"standard","meta":[],"categories":[61],"tags":[],"_links":{"self":[{"href":"https:\/\/www.comunicatur.info\/es\/wp-json\/wp\/v2\/posts\/10091"}],"collection":[{"href":"https:\/\/www.comunicatur.info\/es\/wp-json\/wp\/v2\/posts"}],"about":[{"href":"https:\/\/www.comunicatur.info\/es\/wp-json\/wp\/v2\/types\/post"}],"author":[{"embeddable":true,"href":"https:\/\/www.comunicatur.info\/es\/wp-json\/wp\/v2\/users\/1"}],"replies":[{"embeddable":true,"href":"https:\/\/www.comunicatur.info\/es\/wp-json\/wp\/v2\/comments?post=10091"}],"version-history":[{"count":1,"href":"https:\/\/www.comunicatur.info\/es\/wp-json\/wp\/v2\/posts\/10091\/revisions"}],"predecessor-version":[{"id":10092,"href":"https:\/\/www.comunicatur.info\/es\/wp-json\/wp\/v2\/posts\/10091\/revisions\/10092"}],"wp:attachment":[{"href":"https:\/\/www.comunicatur.info\/es\/wp-json\/wp\/v2\/media?parent=10091"}],"wp:term":[{"taxonomy":"category","embeddable":true,"href":"https:\/\/www.comunicatur.info\/es\/wp-json\/wp\/v2\/categories?post=10091"},{"taxonomy":"post_tag","embeddable":true,"href":"https:\/\/www.comunicatur.info\/es\/wp-json\/wp\/v2\/tags?post=10091"}],"curies":[{"name":"wp","href":"https:\/\/api.w.org\/{rel}","templated":true}]}}