{"id":10052,"date":"2017-04-18T00:00:12","date_gmt":"2017-04-17T22:00:12","guid":{"rendered":"https:\/\/comunicatur.info\/?p=10052"},"modified":"2017-04-12T16:54:16","modified_gmt":"2017-04-12T14:54:16","slug":"los-hoteleros-amenazan-con-dejar-el-programa-del-imserso","status":"publish","type":"post","link":"https:\/\/www.comunicatur.info\/es\/los-hoteleros-amenazan-con-dejar-el-programa-del-imserso\/","title":{"rendered":"Los hoteleros amenazan con dejar el Imserso y el Gobierno reflexiona"},"content":{"rendered":"<p>Representantes hoteleros especulan con la posibilidad de no programar m\u00e1s Imserso si no suben la aportaci\u00f3n actual que reciben por los viajes de los pensionistas que es de 21 euros por persona y d\u00eda en r\u00e9gimen de pensi\u00f3n completa con impuestos incluidos. El Gobierno podr\u00eda estar estudiando una subida.<\/p>\n<p><!--more-->La Federaci\u00f3n de Empresarios de Hosteler\u00eda y Turismo de la demarcaci\u00f3n de Tarragona (FEHT), por ejemplo, denuncia que hace 3 a\u00f1os que los precios est\u00e1n congelados y \u00e9stos no responden a la realidad del servicio que ofrecen. Consideran que llegar a los 23 euros por d\u00eda ser\u00eda una cantidad asumible para poder salir adelante. Con la tarifa actual lo ven inviable econ\u00f3micamente.<\/p>\n<p>Seg\u00fan FEHT, el programa del Imserso no prev\u00e9 mejoras en la retribuci\u00f3n de los alojamientos. Critican que el gobierno no conozca la realidad del sector y califican la situaci\u00f3n de \u00abinsostenible e inviable\u00bb. Aseguran que hace tiempo que est\u00e1n asumiendo p\u00e9rdidas.<\/p>\n<p>Calculan que en la zona de la Costa Dorada y las Tierras del Ebro est\u00e1n comercializando unos 35.000 paquetes del Imserso que emplean a 500 personas. FEHT informa que el programa de vacaciones para personas mayores afecta principalmente en una quincena de hoteles de Salou, Cambrils, Coma-ruga, Sant Carles de la R\u00e0pita y Vila-seca.<\/p>\n<p>Los hoteleros amenazan con no firmar los contratos para la temporada 2017\/2018 como forma de presi\u00f3n. Se trata de una reivindicaci\u00f3n que tambi\u00e9n secundan empresarios de Baleares y Andaluc\u00eda.<\/p>\n","protected":false},"excerpt":{"rendered":"<p>Representantes hoteleros especulan con la posibilidad de no programar m\u00e1s Imserso si no suben la aportaci\u00f3n actual que reciben por los viajes de los pensionistas que es de 21 euros por persona y d\u00eda en r\u00e9gimen de pensi\u00f3n completa con impuestos incluidos. El Gobierno podr\u00eda estar estudiando una subida. La Federaci\u00f3n de Empresarios de Hosteler\u00eda &hellip;<\/p>\n","protected":false},"author":1,"featured_media":0,"comment_status":"closed","ping_status":"open","sticky":false,"template":"","format":"standard","meta":[],"categories":[59],"tags":[],"_links":{"self":[{"href":"https:\/\/www.comunicatur.info\/es\/wp-json\/wp\/v2\/posts\/10052"}],"collection":[{"href":"https:\/\/www.comunicatur.info\/es\/wp-json\/wp\/v2\/posts"}],"about":[{"href":"https:\/\/www.comunicatur.info\/es\/wp-json\/wp\/v2\/types\/post"}],"author":[{"embeddable":true,"href":"https:\/\/www.comunicatur.info\/es\/wp-json\/wp\/v2\/users\/1"}],"replies":[{"embeddable":true,"href":"https:\/\/www.comunicatur.info\/es\/wp-json\/wp\/v2\/comments?post=10052"}],"version-history":[{"count":4,"href":"https:\/\/www.comunicatur.info\/es\/wp-json\/wp\/v2\/posts\/10052\/revisions"}],"predecessor-version":[{"id":10073,"href":"https:\/\/www.comunicatur.info\/es\/wp-json\/wp\/v2\/posts\/10052\/revisions\/10073"}],"wp:attachment":[{"href":"https:\/\/www.comunicatur.info\/es\/wp-json\/wp\/v2\/media?parent=10052"}],"wp:term":[{"taxonomy":"category","embeddable":true,"href":"https:\/\/www.comunicatur.info\/es\/wp-json\/wp\/v2\/categories?post=10052"},{"taxonomy":"post_tag","embeddable":true,"href":"https:\/\/www.comunicatur.info\/es\/wp-json\/wp\/v2\/tags?post=10052"}],"curies":[{"name":"wp","href":"https:\/\/api.w.org\/{rel}","templated":true}]}}